{"id":37845,"date":"2018-01-18T12:24:09","date_gmt":"2018-01-18T15:24:09","guid":{"rendered":"http:\/\/caririemacao.com\/1\/?p=37845"},"modified":"2018-01-18T12:24:09","modified_gmt":"2018-01-18T15:24:09","slug":"ministro-assinara-ordem-de-servico-para-duplicacao-da-br-230-entre-cg-e-o-cariri","status":"publish","type":"post","link":"https:\/\/www.caririemacao.com\/1\/2018\/01\/18\/ministro-assinara-ordem-de-servico-para-duplicacao-da-br-230-entre-cg-e-o-cariri\/","title":{"rendered":"Ministro assinar\u00e1 ordem de servi\u00e7o para duplica\u00e7\u00e3o da BR-230 entre CG e o Cariri"},"content":{"rendered":"<p>O Ministro dos Transportes, Maur\u00edcio Quintela, visitar\u00e1 a Para\u00edba no pr\u00f3ximo dia 5 de fevereiro para assinar ordem de servi\u00e7o para o in\u00edcio da duplica\u00e7\u00e3o da BR 230, um trecho de 31,7 km, que vai de Campina Grande at\u00e9 a Comunidade Farinha (Pra\u00e7a do Meio do Mundo), no Cariri.<\/p>\n<p>O senador Raimundo Lira explicou que a duplica\u00e7\u00e3o ter\u00e1 in\u00edcio na Al\u00e7a Sudoeste, a partir do final da parte j\u00e1 duplicada. A partir de uma solicita\u00e7\u00e3o do senador foram inclu\u00eddos na obra outros tr\u00eas viadutos em Campina Grande: o primeiro, na Av. Assis Chateaubriand; o segundo, no final da Av. Floriano Peixoto, na intercess\u00e3o com a BR 230; e o terceiro no trevo de intercess\u00e3o entre a Al\u00e7a Sudoeste e a sa\u00edda da estrada do Serrot\u00e3o.<\/p>\n<p>Raimundo Lira disse que o valor da obra \u00e9 de R$ 367.9 milh\u00f5es e a previs\u00e3o de t\u00e9rmino \u00e9 de 36 meses. \u201cO objetivo \u00e9 levar essa duplica\u00e7\u00e3o at\u00e9 a cidade de Cajazeiras, num total de 350 quil\u00f4metros. Uma obra de grande porte, para terminar, precisa come\u00e7ar. Sonhar \u00e9 preciso\u201d, enfatizou Lira.<\/p>\n<p><strong>CARIRI EM A\u00c7\u00c3O<\/strong><\/p>\n<p><em>Com O Pipoco\/Foto: Reprodu\u00e7\u00e3o google<\/em><\/p>\n<p><strong>Leia mais not\u00edcias em\u00a0<\/strong><a href=\"http:\/\/www.caririemacao.com\/\"><strong>caririemacao.com<\/strong><\/a><strong>, siga nossa p\u00e1gina no\u00a0<\/strong><a href=\"https:\/\/www.facebook.com\/CaririEmAcao\/?ref=aymt_homepage_panel\"><strong>Facebook<\/strong><\/a>,<strong>\u00a0<\/strong><a href=\"https:\/\/www.instagram.com\/cariri_em_acao\/?hl=pt-br\"><strong>Instagram<\/strong><\/a><strong>\u00a0e\u00a0<\/strong><a href=\"https:\/\/www.youtube.com\/channel\/UCAptA0jQuYQy8vMhLt2m4qg\"><strong>Youtube<\/strong><\/a><strong>\u00a0e veja nossas mat\u00e9rias, v\u00eddeos e fotos. Voc\u00ea tamb\u00e9m pode enviar informa\u00e7\u00f5es \u00e0 Reda\u00e7\u00e3o do Portal Cariri em A\u00e7\u00e3o pelo WhatsApp (83) 9 9634.5791, (83) 9 9601-1162.<\/strong><\/p>\n","protected":false},"excerpt":{"rendered":"<p>O Ministro dos Transportes, Maur\u00edcio Quintela, visitar\u00e1 a Para\u00edba no pr\u00f3ximo dia 5 de fevereiro para assinar ordem de servi\u00e7o para o in\u00edcio da duplica\u00e7\u00e3o&hellip; <\/p>\n","protected":false},"author":2,"featured_media":37846,"comment_status":"closed","ping_status":"closed","sticky":false,"template":"","format":"standard","meta":{"sfsi_plus_gutenberg_text_before_share":"","sfsi_plus_gutenberg_show_text_before_share":"","sfsi_plus_gutenberg_icon_type":"","sfsi_plus_gutenberg_icon_alignemt":"","sfsi_plus_gutenburg_max_per_row":"","footnotes":""},"categories":[2],"tags":[],"class_list":["post-37845","post","type-post","status-publish","format-standard","has-post-thumbnail","hentry","category-geral"],"_links":{"self":[{"href":"https:\/\/www.caririemacao.com\/1\/wp-json\/wp\/v2\/posts\/37845","targetHints":{"allow":["GET"]}}],"collection":[{"href":"https:\/\/www.caririemacao.com\/1\/wp-json\/wp\/v2\/posts"}],"about":[{"href":"https:\/\/www.caririemacao.com\/1\/wp-json\/wp\/v2\/types\/post"}],"author":[{"embeddable":true,"href":"https:\/\/www.caririemacao.com\/1\/wp-json\/wp\/v2\/users\/2"}],"replies":[{"embeddable":true,"href":"https:\/\/www.caririemacao.com\/1\/wp-json\/wp\/v2\/comments?post=37845"}],"version-history":[{"count":0,"href":"https:\/\/www.caririemacao.com\/1\/wp-json\/wp\/v2\/posts\/37845\/revisions"}],"wp:featuredmedia":[{"embeddable":true,"href":"https:\/\/www.caririemacao.com\/1\/wp-json\/wp\/v2\/media\/37846"}],"wp:attachment":[{"href":"https:\/\/www.caririemacao.com\/1\/wp-json\/wp\/v2\/media?parent=37845"}],"wp:term":[{"taxonomy":"category","embeddable":true,"href":"https:\/\/www.caririemacao.com\/1\/wp-json\/wp\/v2\/categories?post=37845"},{"taxonomy":"post_tag","embeddable":true,"href":"https:\/\/www.caririemacao.com\/1\/wp-json\/wp\/v2\/tags?post=37845"}],"curies":[{"name":"wp","href":"https:\/\/api.w.org\/{rel}","templated":true}]}}