{"id":37848,"date":"2018-01-18T12:29:47","date_gmt":"2018-01-18T15:29:47","guid":{"rendered":"http:\/\/caririemacao.com\/1\/?p=37848"},"modified":"2018-01-18T16:37:33","modified_gmt":"2018-01-18T19:37:33","slug":"prefeitura-de-ssu-promove-oitiva-noite-da-106-festa-de-sao-sebastiao","status":"publish","type":"post","link":"https:\/\/www.caririemacao.com\/1\/2018\/01\/18\/prefeitura-de-ssu-promove-oitiva-noite-da-106-festa-de-sao-sebastiao\/","title":{"rendered":"Prefeitura de SSU promove oitiva noite da 106\u00b0 Festa de S\u00e3o Sebasti\u00e3o"},"content":{"rendered":"<p style=\"font-weight: 400;\">A Prefeitura Municipal de S\u00e3o Sebasti\u00e3o do Umbuzeiro, atrav\u00e9s do prefeito Adriano Wolff, promove nesta quinta-feira, dia 18, a oitava noite da 106\u00b0 Festa de S\u00e3o Sebasti\u00e3o. O evento segue at\u00e9 o pr\u00f3ximo s\u00e1bado, dia 20.<\/p>\n<p style=\"font-weight: 400;\">A noite deste dia 18 ser\u00e1 dedicada a M\u00e3e Rainha, e haver\u00e1 shows com Neno \u2018O Magn\u00edfico\u2019, e Gustavinho e Forr\u00f3 do Precateado. A Prefeitura Municipal \u00e9 a respons\u00e1vel pela noite.<\/p>\n<p style=\"font-weight: 400;\">A 106\u00b0 Festa de S\u00e3o Sebasti\u00e3o \u00e9 uma realiza\u00e7\u00e3o da Par\u00f3quia de S\u00e3o Sebasti\u00e3o, Prefeitura Municipal, comiss\u00e3o organizadora e noiteiros.<\/p>\n<p><strong>CARIRI EM A\u00c7\u00c3O<\/strong><\/p>\n<p><em>Com Cariri da gente\/Foto:\u00a0Cariri da gente<\/em><\/p>\n<p><strong>Leia mais not\u00edcias em\u00a0<\/strong><a href=\"http:\/\/www.caririemacao.com\/\"><strong>caririemacao.com<\/strong><\/a><strong>, siga nossa p\u00e1gina no\u00a0<\/strong><a href=\"https:\/\/www.facebook.com\/CaririEmAcao\/?ref=aymt_homepage_panel\"><strong>Facebook<\/strong><\/a>,<strong>\u00a0<\/strong><a href=\"https:\/\/www.instagram.com\/cariri_em_acao\/?hl=pt-br\"><strong>Instagram<\/strong><\/a><strong>\u00a0e\u00a0<\/strong><a href=\"https:\/\/www.youtube.com\/channel\/UCAptA0jQuYQy8vMhLt2m4qg\"><strong>Youtube<\/strong><\/a><strong>\u00a0e veja nossas mat\u00e9rias, v\u00eddeos e fotos. Voc\u00ea tamb\u00e9m pode enviar informa\u00e7\u00f5es \u00e0 Reda\u00e7\u00e3o do Portal Cariri em A\u00e7\u00e3o pelo WhatsApp (83) 9 9634.5791, (83) 9 9601-1162.<\/strong><\/p>\n","protected":false},"excerpt":{"rendered":"<p>A Prefeitura Municipal de S\u00e3o Sebasti\u00e3o do Umbuzeiro, atrav\u00e9s do prefeito Adriano Wolff, promove nesta quinta-feira, dia 18, a oitava noite da 106\u00b0 Festa de&hellip; <\/p>\n","protected":false},"author":2,"featured_media":37937,"comment_status":"closed","ping_status":"closed","sticky":false,"template":"","format":"standard","meta":{"sfsi_plus_gutenberg_text_before_share":"","sfsi_plus_gutenberg_show_text_before_share":"","sfsi_plus_gutenberg_icon_type":"","sfsi_plus_gutenberg_icon_alignemt":"","sfsi_plus_gutenburg_max_per_row":"","footnotes":""},"categories":[6],"tags":[],"class_list":["post-37848","post","type-post","status-publish","format-standard","has-post-thumbnail","hentry","category-cidades"],"_links":{"self":[{"href":"https:\/\/www.caririemacao.com\/1\/wp-json\/wp\/v2\/posts\/37848","targetHints":{"allow":["GET"]}}],"collection":[{"href":"https:\/\/www.caririemacao.com\/1\/wp-json\/wp\/v2\/posts"}],"about":[{"href":"https:\/\/www.caririemacao.com\/1\/wp-json\/wp\/v2\/types\/post"}],"author":[{"embeddable":true,"href":"https:\/\/www.caririemacao.com\/1\/wp-json\/wp\/v2\/users\/2"}],"replies":[{"embeddable":true,"href":"https:\/\/www.caririemacao.com\/1\/wp-json\/wp\/v2\/comments?post=37848"}],"version-history":[{"count":0,"href":"https:\/\/www.caririemacao.com\/1\/wp-json\/wp\/v2\/posts\/37848\/revisions"}],"wp:featuredmedia":[{"embeddable":true,"href":"https:\/\/www.caririemacao.com\/1\/wp-json\/wp\/v2\/media\/37937"}],"wp:attachment":[{"href":"https:\/\/www.caririemacao.com\/1\/wp-json\/wp\/v2\/media?parent=37848"}],"wp:term":[{"taxonomy":"category","embeddable":true,"href":"https:\/\/www.caririemacao.com\/1\/wp-json\/wp\/v2\/categories?post=37848"},{"taxonomy":"post_tag","embeddable":true,"href":"https:\/\/www.caririemacao.com\/1\/wp-json\/wp\/v2\/tags?post=37848"}],"curies":[{"name":"wp","href":"https:\/\/api.w.org\/{rel}","templated":true}]}}