{"id":37858,"date":"2018-01-18T13:20:20","date_gmt":"2018-01-18T16:20:20","guid":{"rendered":"http:\/\/caririemacao.com\/1\/?p=37858"},"modified":"2018-01-18T13:20:20","modified_gmt":"2018-01-18T16:20:20","slug":"flavio-henrique-assume-como-prefeito-em-exercicio-de-ouro-velho-2","status":"publish","type":"post","link":"https:\/\/www.caririemacao.com\/1\/2018\/01\/18\/flavio-henrique-assume-como-prefeito-em-exercicio-de-ouro-velho-2\/","title":{"rendered":"Fl\u00e1vio Henrique assume como prefeito em Exerc\u00edcio de Ouro Velho"},"content":{"rendered":"<p>Na manh\u00e3 desta quinta-feira, dia 18, o vice-prefeito de Ouro Velho, Fl\u00e1vio Henrique, assumiu o comando do Poder Executivo Municipal como prefeito em Exerc\u00edcio.\u00a0A solenidade de posse ocorreu na C\u00e2mara Municipal.<\/p>\n<p><a href=\"http:\/\/caririemacao.com\/1\/wp-content\/uploads\/2018\/01\/WhatsApp-Image-2018-01-18-at-10.43.46-e1516292409561.jpeg\"><img fetchpriority=\"high\" decoding=\"async\" class=\"aligncenter size-medium wp-image-37859\" src=\"http:\/\/caririemacao.com\/1\/wp-content\/uploads\/2018\/01\/WhatsApp-Image-2018-01-18-at-10.43.46-e1516292409561-300x286.jpeg\" alt=\"\" width=\"300\" height=\"286\" srcset=\"https:\/\/www.caririemacao.com\/1\/wp-content\/uploads\/2018\/01\/WhatsApp-Image-2018-01-18-at-10.43.46-e1516292409561-300x286.jpeg 300w, https:\/\/www.caririemacao.com\/1\/wp-content\/uploads\/2018\/01\/WhatsApp-Image-2018-01-18-at-10.43.46-e1516292409561.jpeg 554w\" sizes=\"(max-width: 300px) 100vw, 300px\" \/><\/a><\/p>\n<p>Durante o discurso, o prefeito em exerc\u00edcio agradeceu o ato dos vereadores e disse continuar trabalhando, dando sequ\u00eancia \u00e0 Gest\u00e3o Municipal.<\/p>\n<p>Fl\u00e1vio Henrique fica como prefeito em exerc\u00edcio at\u00e9 o dia 29 deste m\u00eas. \u201cMais uma vez, vou honrar a confian\u00e7a e dar continuidade ao trabalho s\u00e9rio e transparente que a prefeita vem fazendo em Ouro Velho\u201d, acrescentou.<\/p>\n<p><strong>CARIRI EM A\u00c7\u00c3O<\/strong><\/p>\n<p><strong>Leia mais not\u00edcias em\u00a0<\/strong><a style=\"font-style: inherit; font-weight: inherit;\" href=\"http:\/\/www.caririemacao.com\/\"><strong style=\"font-style: inherit;\">caririemacao.com<\/strong><\/a><strong style=\"font-style: inherit;\">, siga nossa p\u00e1gina no\u00a0<\/strong><a style=\"font-style: inherit; font-weight: inherit;\" href=\"https:\/\/www.facebook.com\/CaririEmAcao\/?ref=aymt_homepage_panel\"><strong style=\"font-style: inherit;\">Facebook<\/strong><\/a>,<strong style=\"font-style: inherit;\">\u00a0<\/strong><a style=\"font-style: inherit; font-weight: inherit;\" href=\"https:\/\/www.instagram.com\/cariri_em_acao\/?hl=pt-br\"><strong style=\"font-style: inherit;\">Instagram<\/strong><\/a><strong style=\"font-style: inherit;\">\u00a0e\u00a0<\/strong><a style=\"font-style: inherit; font-weight: inherit;\" href=\"https:\/\/www.youtube.com\/channel\/UCAptA0jQuYQy8vMhLt2m4qg\"><strong style=\"font-style: inherit;\">Youtube<\/strong><\/a><strong style=\"font-style: inherit;\">\u00a0e veja nossas mat\u00e9rias, v\u00eddeos e fotos. Voc\u00ea tamb\u00e9m pode enviar informa\u00e7\u00f5es \u00e0 Reda\u00e7\u00e3o do Portal Cariri em A\u00e7\u00e3o pelo WhatsApp (83) 9 9634.5791, (83) 9 9601-1162.<\/strong><\/p>\n","protected":false},"excerpt":{"rendered":"<p>Na manh\u00e3 desta quinta-feira, dia 18, o vice-prefeito de Ouro Velho, Fl\u00e1vio Henrique, assumiu o comando do Poder Executivo Municipal como prefeito em Exerc\u00edcio.\u00a0A solenidade&hellip; <\/p>\n","protected":false},"author":2,"featured_media":37860,"comment_status":"closed","ping_status":"closed","sticky":false,"template":"","format":"standard","meta":{"sfsi_plus_gutenberg_text_before_share":"","sfsi_plus_gutenberg_show_text_before_share":"","sfsi_plus_gutenberg_icon_type":"","sfsi_plus_gutenberg_icon_alignemt":"","sfsi_plus_gutenburg_max_per_row":"","footnotes":""},"categories":[11],"tags":[],"class_list":["post-37858","post","type-post","status-publish","format-standard","has-post-thumbnail","hentry","category-politica"],"_links":{"self":[{"href":"https:\/\/www.caririemacao.com\/1\/wp-json\/wp\/v2\/posts\/37858","targetHints":{"allow":["GET"]}}],"collection":[{"href":"https:\/\/www.caririemacao.com\/1\/wp-json\/wp\/v2\/posts"}],"about":[{"href":"https:\/\/www.caririemacao.com\/1\/wp-json\/wp\/v2\/types\/post"}],"author":[{"embeddable":true,"href":"https:\/\/www.caririemacao.com\/1\/wp-json\/wp\/v2\/users\/2"}],"replies":[{"embeddable":true,"href":"https:\/\/www.caririemacao.com\/1\/wp-json\/wp\/v2\/comments?post=37858"}],"version-history":[{"count":0,"href":"https:\/\/www.caririemacao.com\/1\/wp-json\/wp\/v2\/posts\/37858\/revisions"}],"wp:featuredmedia":[{"embeddable":true,"href":"https:\/\/www.caririemacao.com\/1\/wp-json\/wp\/v2\/media\/37860"}],"wp:attachment":[{"href":"https:\/\/www.caririemacao.com\/1\/wp-json\/wp\/v2\/media?parent=37858"}],"wp:term":[{"taxonomy":"category","embeddable":true,"href":"https:\/\/www.caririemacao.com\/1\/wp-json\/wp\/v2\/categories?post=37858"},{"taxonomy":"post_tag","embeddable":true,"href":"https:\/\/www.caririemacao.com\/1\/wp-json\/wp\/v2\/tags?post=37858"}],"curies":[{"name":"wp","href":"https:\/\/api.w.org\/{rel}","templated":true}]}}