{"id":37863,"date":"2018-01-18T14:02:16","date_gmt":"2018-01-18T17:02:16","guid":{"rendered":"http:\/\/caririemacao.com\/1\/?p=37863"},"modified":"2018-01-18T15:12:36","modified_gmt":"2018-01-18T18:12:36","slug":"mec-antecipa-data-do-sisu-inscricoes-comecam-dia-23","status":"publish","type":"post","link":"https:\/\/www.caririemacao.com\/1\/2018\/01\/18\/mec-antecipa-data-do-sisu-inscricoes-comecam-dia-23\/","title":{"rendered":"MEC antecipa data do Sisu; inscri\u00e7\u00f5es come\u00e7am dia 23"},"content":{"rendered":"<p>A abertura das inscri\u00e7\u00f5es no Sistema de Sele\u00e7\u00e3o Unificada (Sisu) foi antecipada para 23 de janeiro, conforme anunciou hoje (18) o ministro da Educa\u00e7\u00e3o, Mendon\u00e7a Filho. Segundo ele, estudantes que fizeram o Exame Nacional do Ensino M\u00e9dio (Enem) 2017 e que queiram tentar uma vaga em institui\u00e7\u00f5es p\u00fablicas de ensino superior t\u00eam entre 23 e 26 de janeiro para se inscrever.<\/p>\n<p>O an\u00fancio foi feito durante entrevista coletiva para divulgar os resultados do Enem 2017, liberados pouco antes das 12h de hoje. O prazo inicial para registrar a nota da prova e se candidatar a uma institui\u00e7\u00e3o p\u00fablica de ensino superior era de 29 de janeiro a 1\u00ba de fevereiro. De acordo com o ministro da Educa\u00e7\u00e3o, o motivo da antecipa\u00e7\u00e3o seria apenas \u201csaciar a ansiedade\u201d dos candidatos.<\/p>\n<p>O cronograma das demais sele\u00e7\u00f5es da pasta, como o Programa Universidade para Todos (Prouni) e o Programa de Financiamento Estudantil (Fies), segundo ele, permanecem inalterados.<\/p>\n<p><strong>CARIRI EM A\u00c7\u00c3O<\/strong><\/p>\n<p><em>Com ClikPB \/Foto: Reprodu\u00e7\u00e3o google<\/em><\/p>\n<p><strong>Leia mais not\u00edcias em\u00a0<\/strong><a href=\"http:\/\/www.caririemacao.com\/\"><strong>caririemacao.com<\/strong><\/a><strong>, siga nossa p\u00e1gina no\u00a0<\/strong><a href=\"https:\/\/www.facebook.com\/CaririEmAcao\/?ref=aymt_homepage_panel\"><strong>Facebook<\/strong><\/a>,<strong>\u00a0<\/strong><a href=\"https:\/\/www.instagram.com\/cariri_em_acao\/?hl=pt-br\"><strong>Instagram<\/strong><\/a><strong>\u00a0e\u00a0<\/strong><a href=\"https:\/\/www.youtube.com\/channel\/UCAptA0jQuYQy8vMhLt2m4qg\"><strong>Youtube<\/strong><\/a><strong>\u00a0e veja nossas mat\u00e9rias, v\u00eddeos e fotos. Voc\u00ea tamb\u00e9m pode enviar informa\u00e7\u00f5es \u00e0 Reda\u00e7\u00e3o do Portal Cariri em A\u00e7\u00e3o pelo WhatsApp (83) 9 9634.5791, (83) 9 9601-1162.<\/strong><\/p>\n","protected":false},"excerpt":{"rendered":"<p>A abertura das inscri\u00e7\u00f5es no Sistema de Sele\u00e7\u00e3o Unificada (Sisu) foi antecipada para 23 de janeiro, conforme anunciou hoje (18) o ministro da Educa\u00e7\u00e3o, Mendon\u00e7a&hellip; <\/p>\n","protected":false},"author":2,"featured_media":37864,"comment_status":"closed","ping_status":"closed","sticky":false,"template":"","format":"standard","meta":{"sfsi_plus_gutenberg_text_before_share":"","sfsi_plus_gutenberg_show_text_before_share":"","sfsi_plus_gutenberg_icon_type":"","sfsi_plus_gutenberg_icon_alignemt":"","sfsi_plus_gutenburg_max_per_row":"","footnotes":""},"categories":[14],"tags":[],"class_list":["post-37863","post","type-post","status-publish","format-standard","has-post-thumbnail","hentry","category-educacao"],"_links":{"self":[{"href":"https:\/\/www.caririemacao.com\/1\/wp-json\/wp\/v2\/posts\/37863","targetHints":{"allow":["GET"]}}],"collection":[{"href":"https:\/\/www.caririemacao.com\/1\/wp-json\/wp\/v2\/posts"}],"about":[{"href":"https:\/\/www.caririemacao.com\/1\/wp-json\/wp\/v2\/types\/post"}],"author":[{"embeddable":true,"href":"https:\/\/www.caririemacao.com\/1\/wp-json\/wp\/v2\/users\/2"}],"replies":[{"embeddable":true,"href":"https:\/\/www.caririemacao.com\/1\/wp-json\/wp\/v2\/comments?post=37863"}],"version-history":[{"count":0,"href":"https:\/\/www.caririemacao.com\/1\/wp-json\/wp\/v2\/posts\/37863\/revisions"}],"wp:featuredmedia":[{"embeddable":true,"href":"https:\/\/www.caririemacao.com\/1\/wp-json\/wp\/v2\/media\/37864"}],"wp:attachment":[{"href":"https:\/\/www.caririemacao.com\/1\/wp-json\/wp\/v2\/media?parent=37863"}],"wp:term":[{"taxonomy":"category","embeddable":true,"href":"https:\/\/www.caririemacao.com\/1\/wp-json\/wp\/v2\/categories?post=37863"},{"taxonomy":"post_tag","embeddable":true,"href":"https:\/\/www.caririemacao.com\/1\/wp-json\/wp\/v2\/tags?post=37863"}],"curies":[{"name":"wp","href":"https:\/\/api.w.org\/{rel}","templated":true}]}}