{"id":37944,"date":"2018-01-18T17:25:18","date_gmt":"2018-01-18T20:25:18","guid":{"rendered":"http:\/\/caririemacao.com\/1\/?p=37944"},"modified":"2018-01-18T17:25:18","modified_gmt":"2018-01-18T20:25:18","slug":"pm-da-paraiba-expulsa-policial-que-planejou-estupro-de-filhas-da-namorada","status":"publish","type":"post","link":"https:\/\/www.caririemacao.com\/1\/2018\/01\/18\/pm-da-paraiba-expulsa-policial-que-planejou-estupro-de-filhas-da-namorada\/","title":{"rendered":"PM da Para\u00edba expulsa policial que planejou estupro de filhas da namorada"},"content":{"rendered":"<p>O Comando Geral da Policial Militar da Para\u00edba expulsou da corpora\u00e7\u00e3o o policial Ricardo Alves de Sousa.\u00a0Lotado no 13\u00ba Batalh\u00e3o da Pol\u00edcia Militar (13\u00baBPM) da cidade de Sousa, no Sert\u00e3o paraibano, ele j\u00e1 havia sido afastado temporariamente de suas fun\u00e7\u00f5es em 2015, ap\u00f3s ter sido envolvido em um caso de tentativa de abuso sexual contra duas menores, filhas de uma namorada.<\/p>\n<p>Conforme os autos do processo administrativo disciplinar, publicado no Di\u00e1rio Oficial do Estado desta quarta-feira (17), tudo se passou em setembro de 2015, na cidade de Sousa, onde m\u00e3e e filhas residiam, e onde o militar trabalhava no policiamento ostensivo h\u00e1 dois anos. Ele \u00e9 natural de Lavras da Mangabeira, no Cear\u00e1<\/p>\n<p>O processo foi iniciado ap\u00f3s Ricardo ter sido acusado de ter planejado a execu\u00e7\u00e3o de crimes sexuais contra duas menores de idade, de 14 e 6 anos de idade, ambas filhas de Maria Mendes, com quem Ricardo mantinha um relacionamento extraconjugal.<\/p>\n<p>O crime foi planejado atrav\u00e9s de mensagens do Facebook. \u00c0 \u00e9poca, o PM prop\u00f4s que a amante entregasse as duas filhas para que ele praticasse atos libidinosos como prova de amor a ele. \u201cPara tal intento l\u00fabrico, o militar prop\u00f4s que as duas meninas deveriam ser dopadas com rem\u00e9dio, que ele mesmo iria fornecer, para que elas dormissem e da\u00ed pudesse praticar atos libidinosos com as menores\u2019, narra o processo.<\/p>\n<p>O crime s\u00f3 n\u00e3o aconteceu porque no dia planejado a filha de 14 anos viu o conte\u00fado das mensagens trocadas entre o militar e sua m\u00e3e. Surpresa e atordoada com o que viu, decidiu mostrar as mensagens a uma amiga, a qual, por sua vez, levou ao conhecimento da m\u00e3e, tendo o fato, por fim, chegado ao conhecimento da pol\u00edcia judici\u00e1ria que instaurou o Inqu\u00e9rito Policial, o qual culminou com a a\u00e7\u00e3o penal, que ainda tramita na 2\u00aa Vara Mista da Comarca de Sousa, contra o militar.<\/p>\n<p>Na portaria, assinada pelo comandante-geral da PM, coronel Eulles Chaves, \u201co fato, que foi amplamente difundido pela imprensa local, gerou grande constrangimento e transtorno na vida das menores e consequentemente na da fam\u00edlia, al\u00e9m de ter repercutido muito negativamente na Corpora\u00e7\u00e3o\u201d, concluindo que as condutas \u201cdeixam patente sua incapacidade de permanecer integrando os quadros desta Pol\u00edcia Militar\u201d.<\/p>\n<p><strong>CARIRI EM A\u00c7\u00c3O<\/strong><\/p>\n<p><em>Com Jornal da Para\u00edba\/Foto: Reprodu\u00e7\u00e3o Internet\u00a0<\/em><\/p>\n<p><strong>Leia mais not\u00edcias em\u00a0<\/strong><a href=\"http:\/\/www.caririemacao.com\/\"><strong>caririemacao.com<\/strong><\/a><strong>, siga nossa p\u00e1gina no\u00a0<\/strong><a href=\"https:\/\/www.facebook.com\/CaririEmAcao\/?ref=aymt_homepage_panel\"><strong>Facebook<\/strong><\/a>,<strong>\u00a0<\/strong><a href=\"https:\/\/www.instagram.com\/cariri_em_acao\/?hl=pt-br\"><strong>Instagram<\/strong><\/a><strong>\u00a0e <\/strong><a href=\"https:\/\/www.youtube.com\/channel\/UCAptA0jQuYQy8vMhLt2m4qg\"><strong>Youtube<\/strong><\/a><strong>\u00a0e veja nossas mat\u00e9rias, v\u00eddeos e fotos. Voc\u00ea tamb\u00e9m pode enviar informa\u00e7\u00f5es \u00e0 Reda\u00e7\u00e3o do Portal Cariri em A\u00e7\u00e3o pelo WhatsApp (83) 9 9634.5791, (83) 9 9601-1162.<\/strong><\/p>\n","protected":false},"excerpt":{"rendered":"<p>O Comando Geral da Policial Militar da Para\u00edba expulsou da corpora\u00e7\u00e3o o policial Ricardo Alves de Sousa.\u00a0Lotado no 13\u00ba Batalh\u00e3o da Pol\u00edcia Militar (13\u00baBPM) da&hellip; <\/p>\n","protected":false},"author":2,"featured_media":37945,"comment_status":"closed","ping_status":"closed","sticky":false,"template":"","format":"standard","meta":{"sfsi_plus_gutenberg_text_before_share":"","sfsi_plus_gutenberg_show_text_before_share":"","sfsi_plus_gutenberg_icon_type":"","sfsi_plus_gutenberg_icon_alignemt":"","sfsi_plus_gutenburg_max_per_row":"","footnotes":""},"categories":[12],"tags":[],"class_list":["post-37944","post","type-post","status-publish","format-standard","has-post-thumbnail","hentry","category-policia"],"_links":{"self":[{"href":"https:\/\/www.caririemacao.com\/1\/wp-json\/wp\/v2\/posts\/37944","targetHints":{"allow":["GET"]}}],"collection":[{"href":"https:\/\/www.caririemacao.com\/1\/wp-json\/wp\/v2\/posts"}],"about":[{"href":"https:\/\/www.caririemacao.com\/1\/wp-json\/wp\/v2\/types\/post"}],"author":[{"embeddable":true,"href":"https:\/\/www.caririemacao.com\/1\/wp-json\/wp\/v2\/users\/2"}],"replies":[{"embeddable":true,"href":"https:\/\/www.caririemacao.com\/1\/wp-json\/wp\/v2\/comments?post=37944"}],"version-history":[{"count":0,"href":"https:\/\/www.caririemacao.com\/1\/wp-json\/wp\/v2\/posts\/37944\/revisions"}],"wp:featuredmedia":[{"embeddable":true,"href":"https:\/\/www.caririemacao.com\/1\/wp-json\/wp\/v2\/media\/37945"}],"wp:attachment":[{"href":"https:\/\/www.caririemacao.com\/1\/wp-json\/wp\/v2\/media?parent=37944"}],"wp:term":[{"taxonomy":"category","embeddable":true,"href":"https:\/\/www.caririemacao.com\/1\/wp-json\/wp\/v2\/categories?post=37944"},{"taxonomy":"post_tag","embeddable":true,"href":"https:\/\/www.caririemacao.com\/1\/wp-json\/wp\/v2\/tags?post=37944"}],"curies":[{"name":"wp","href":"https:\/\/api.w.org\/{rel}","templated":true}]}}