{"id":37949,"date":"2018-01-18T20:43:57","date_gmt":"2018-01-18T23:43:57","guid":{"rendered":"http:\/\/caririemacao.com\/1\/?p=37949"},"modified":"2018-01-18T20:43:57","modified_gmt":"2018-01-18T23:43:57","slug":"senador-confirma-vinda-de-ministro-para-a-assinatura-da-ordem-de-servico-para-duplicacao-da-br-230","status":"publish","type":"post","link":"https:\/\/www.caririemacao.com\/1\/2018\/01\/18\/senador-confirma-vinda-de-ministro-para-a-assinatura-da-ordem-de-servico-para-duplicacao-da-br-230\/","title":{"rendered":"Senador confirma vinda de ministro para a assinatura da Ordem de Servi\u00e7o para duplica\u00e7\u00e3o da BR 230"},"content":{"rendered":"<p>O senador Raimundo Lira (MDB-PB) confirmou que no pr\u00f3ximo dia 05 de fevereiro estar\u00e1 em Campina Grande, acompanhando o Ministro dos Transportes, Maur\u00edcio Quintela, para o ato de assinatura da Ordem de Servi\u00e7o para o in\u00edcio da duplica\u00e7\u00e3o da BR 230, um trecho de 31,7 km, que vai de Campina Grande at\u00e9 a Comunidade Farinha (Pra\u00e7a do Meio do Mundo).<\/p>\n<p>De acordo com o senador, a duplica\u00e7\u00e3o ter\u00e1 in\u00edcio na Al\u00e7a Sudoeste, a partir do final da parte j\u00e1 duplicada.<\/p>\n<p>Raimundo Lira conseguiu incluir na obra tr\u00eas grandes viadutos na cidade de Campina Grande: o primeiro, na Av. Assis Chateaubriand; o segundo, no final da Av. Floriano Peixoto, na intercess\u00e3o com a BR 230; e o terceiro no trevo de intercess\u00e3o entre a Al\u00e7a Sudoeste e a sa\u00edda da estrada do Serrot\u00e3o.<\/p>\n<p>Raimundo Lira disse que o valor da obra \u00e9 de R$ 367.900.000,00 e a previs\u00e3o de t\u00e9rmino \u00e9 de 36 meses.<\/p>\n<p>\u201cO objetivo \u00e9 levar essa duplica\u00e7\u00e3o at\u00e9 a cidade de Cajazeiras, num total de 350 quil\u00f4metros. Uma obra de grande porte, para terminar, precisa come\u00e7ar. Sonhar \u00e9 preciso\u201d, enfatizou o Senador Raimundo Lira.<\/p>\n<p><strong>CARIRI EM A\u00c7\u00c3O<\/strong><\/p>\n<p><em>Com Litoral PB\/Foto: Reprodu\u00e7\u00e3o google<\/em><\/p>\n<p><strong>Leia mais not\u00edcias em\u00a0<\/strong><a href=\"http:\/\/www.caririemacao.com\/\"><strong>caririemacao.com<\/strong><\/a><strong>, siga nossa p\u00e1gina no\u00a0<\/strong><a href=\"https:\/\/www.facebook.com\/CaririEmAcao\/?ref=aymt_homepage_panel\"><strong>Facebook<\/strong><\/a>,<strong>\u00a0<\/strong><a href=\"https:\/\/www.instagram.com\/cariri_em_acao\/?hl=pt-br\"><strong>Instagram<\/strong><\/a><strong>\u00a0e\u00a0<\/strong><a href=\"https:\/\/www.youtube.com\/channel\/UCAptA0jQuYQy8vMhLt2m4qg\"><strong>Youtube<\/strong><\/a><strong>\u00a0e veja nossas mat\u00e9rias, v\u00eddeos e fotos. Voc\u00ea tamb\u00e9m pode enviar informa\u00e7\u00f5es \u00e0 Reda\u00e7\u00e3o do Portal Cariri em A\u00e7\u00e3o pelo WhatsApp (83) 9 9634.5791, (83) 9 9601-1162.<\/strong><\/p>\n","protected":false},"excerpt":{"rendered":"<p>O senador Raimundo Lira (MDB-PB) confirmou que no pr\u00f3ximo dia 05 de fevereiro estar\u00e1 em Campina Grande, acompanhando o Ministro dos Transportes, Maur\u00edcio Quintela, para&hellip; <\/p>\n","protected":false},"author":2,"featured_media":7372,"comment_status":"closed","ping_status":"closed","sticky":false,"template":"","format":"standard","meta":{"sfsi_plus_gutenberg_text_before_share":"","sfsi_plus_gutenberg_show_text_before_share":"","sfsi_plus_gutenberg_icon_type":"","sfsi_plus_gutenberg_icon_alignemt":"","sfsi_plus_gutenburg_max_per_row":"","footnotes":""},"categories":[11],"tags":[],"class_list":["post-37949","post","type-post","status-publish","format-standard","has-post-thumbnail","hentry","category-politica"],"_links":{"self":[{"href":"https:\/\/www.caririemacao.com\/1\/wp-json\/wp\/v2\/posts\/37949","targetHints":{"allow":["GET"]}}],"collection":[{"href":"https:\/\/www.caririemacao.com\/1\/wp-json\/wp\/v2\/posts"}],"about":[{"href":"https:\/\/www.caririemacao.com\/1\/wp-json\/wp\/v2\/types\/post"}],"author":[{"embeddable":true,"href":"https:\/\/www.caririemacao.com\/1\/wp-json\/wp\/v2\/users\/2"}],"replies":[{"embeddable":true,"href":"https:\/\/www.caririemacao.com\/1\/wp-json\/wp\/v2\/comments?post=37949"}],"version-history":[{"count":0,"href":"https:\/\/www.caririemacao.com\/1\/wp-json\/wp\/v2\/posts\/37949\/revisions"}],"wp:featuredmedia":[{"embeddable":true,"href":"https:\/\/www.caririemacao.com\/1\/wp-json\/wp\/v2\/media\/7372"}],"wp:attachment":[{"href":"https:\/\/www.caririemacao.com\/1\/wp-json\/wp\/v2\/media?parent=37949"}],"wp:term":[{"taxonomy":"category","embeddable":true,"href":"https:\/\/www.caririemacao.com\/1\/wp-json\/wp\/v2\/categories?post=37949"},{"taxonomy":"post_tag","embeddable":true,"href":"https:\/\/www.caririemacao.com\/1\/wp-json\/wp\/v2\/tags?post=37949"}],"curies":[{"name":"wp","href":"https:\/\/api.w.org\/{rel}","templated":true}]}}