{"id":37952,"date":"2018-01-18T20:54:47","date_gmt":"2018-01-18T23:54:47","guid":{"rendered":"http:\/\/caririemacao.com\/1\/?p=37952"},"modified":"2018-01-18T20:54:47","modified_gmt":"2018-01-18T23:54:47","slug":"presidencia-da-republica-gastara-r-118-mil-com-gravatas","status":"publish","type":"post","link":"https:\/\/www.caririemacao.com\/1\/2018\/01\/18\/presidencia-da-republica-gastara-r-118-mil-com-gravatas\/","title":{"rendered":"Presid\u00eancia da Rep\u00fablica gastar\u00e1 R$ 11,8 mil com gravatas"},"content":{"rendered":"<p>Mais uma compra pol\u00eamica \u00e9 realizada pelo governo brasileiro. A Presid\u00eancia da Rep\u00fablica reservou cerca de R$ 11,8 mil para a compra de 586 gravatas em tecido Jaquard, 100% poli\u00e9ster, de cor escura. As pe\u00e7as ser\u00e3o entregues ao almoxarifado do Pal\u00e1cio do Planalto, segundo informa\u00e7\u00f5es do portal\u00a0Contas Abertas.<\/p>\n<p>O gabinete de Seguran\u00e7a Institucional da Presid\u00eancia informou que as gravatas v\u00e3o compor os uniformes de suas equipes: especialmente dos profissionais que atuam na prote\u00e7\u00e3o presidencial, inclusive como motoristas, e de instala\u00e7\u00f5es.<\/p>\n<p>No entanto, quando\u00a0inquirida sobre a grande quantidade de gravatas e se as 586 unidades coincidem com\u00a0o n\u00famero de funcion\u00e1rios, a assessoria informou n\u00e3o saber quantos\u00a0empregados ser\u00e3o beneficiados com os acess\u00f3rios. Segundo o gabinete, a compra \u00e9 rotineira \u2013 ocorre anualmente.<\/p>\n<p>Em um c\u00e1lculo simples, dividindo a quantia que ser\u00e1 gasta (R$ 11,8 mil) pelo n\u00famero de\u00a0itens (586), obt\u00e9m-se o valor de, aproximadamente, R$ 20 por pe\u00e7a. A reportagem\u00a0pesquisou em diversas alfaiatarias e descobriu que o pre\u00e7o de gravatas com o tecido Jacquard, em poli\u00e9ster, varia de R$ 19 a R$ 23 a unidade. Ou seja: aparentemente, a compra est\u00e1 dentro dos padr\u00f5es cobrados pelo mercado; mas o que chama a aten\u00e7\u00e3o \u00e9 o total de pe\u00e7as adquiridas \u2013 ainda mais frente ao fato de\u00a0a Presid\u00eancia n\u00e3o informar quantos servidores\u00a0receber\u00e3o o acess\u00f3rio.<\/p>\n<p><strong>Chocolates de luxo<\/strong><br \/>\nEm\u00a0outubro de 2017, o\u00a0governo Michel Temer gastou R$ 8 mil na compra de sete caixas de bombons de luxo. O chocolate era destinado ao Minist\u00e9rio das Rela\u00e7\u00f5es Exteriores. Segundo a pasta, o \u201cmimo\u201d\u00a0serviria de\u00a0presente para l\u00edderes de governos estrangeiros em visita ao Brasil.<\/p>\n<div class=\"bloco-leg alignnone size-full wp-image-499539\">\n<div class=\"imgPinWrap\"><\/div>\n<p>Outros gastos previstos pelo governo federal neste in\u00edcio de ano:<\/p><\/div>\n<p><strong>Computadores<\/strong><br \/>\nA Presid\u00eancia da Rep\u00fablica empenhou R$ 1,6 milh\u00e3o para a compra de 300 microcomputadores. A compra foi realizada com a empresa Dell Computadores do Brasil Ltda.<\/p>\n<p><strong>Itamaraty<\/strong><br \/>\nCerca de\u00a0R$ 24 mil ser\u00e3o destinados ao Minist\u00e9rio das Rela\u00e7\u00f5es Exteriores para a aquisi\u00e7\u00e3o de obras de arte que retratam a flora brasileira. As pe\u00e7as, de artistas nacionais, tamb\u00e9m ser\u00e3o dadas como presentes a autoridades estrangeiras\u00a0em eventos e visitas oficiais organizadas pelo Itamaraty.<\/p>\n<p><strong>CARIRI EM A\u00c7\u00c3O<\/strong><\/p>\n<p><em>Com Metr\u00f3poles\/Foto: Reprodu\u00e7\u00e3o google<\/em><\/p>\n<p><strong>Leia mais not\u00edcias em\u00a0<\/strong><a href=\"http:\/\/www.caririemacao.com\/\"><strong>caririemacao.com<\/strong><\/a><strong>, siga nossa p\u00e1gina no\u00a0<\/strong><a href=\"https:\/\/www.facebook.com\/CaririEmAcao\/?ref=aymt_homepage_panel\"><strong>Facebook<\/strong><\/a>,<strong>\u00a0<\/strong><a href=\"https:\/\/www.instagram.com\/cariri_em_acao\/?hl=pt-br\"><strong>Instagram<\/strong><\/a><strong>\u00a0e\u00a0<\/strong><a href=\"https:\/\/www.youtube.com\/channel\/UCAptA0jQuYQy8vMhLt2m4qg\"><strong>Youtube<\/strong><\/a><strong>\u00a0e veja nossas mat\u00e9rias, v\u00eddeos e fotos. Voc\u00ea tamb\u00e9m pode enviar informa\u00e7\u00f5es \u00e0 Reda\u00e7\u00e3o do Portal Cariri em A\u00e7\u00e3o pelo WhatsApp (83) 9 9634.5791, (83) 9 9601-1162.<\/strong><\/p>\n","protected":false},"excerpt":{"rendered":"<p>Mais uma compra pol\u00eamica \u00e9 realizada pelo governo brasileiro. A Presid\u00eancia da Rep\u00fablica reservou cerca de R$ 11,8 mil para a compra de 586 gravatas&hellip; <\/p>\n","protected":false},"author":2,"featured_media":20181,"comment_status":"closed","ping_status":"closed","sticky":false,"template":"","format":"standard","meta":{"sfsi_plus_gutenberg_text_before_share":"","sfsi_plus_gutenberg_show_text_before_share":"","sfsi_plus_gutenberg_icon_type":"","sfsi_plus_gutenberg_icon_alignemt":"","sfsi_plus_gutenburg_max_per_row":"","footnotes":""},"categories":[11],"tags":[],"class_list":["post-37952","post","type-post","status-publish","format-standard","has-post-thumbnail","hentry","category-politica"],"_links":{"self":[{"href":"https:\/\/www.caririemacao.com\/1\/wp-json\/wp\/v2\/posts\/37952","targetHints":{"allow":["GET"]}}],"collection":[{"href":"https:\/\/www.caririemacao.com\/1\/wp-json\/wp\/v2\/posts"}],"about":[{"href":"https:\/\/www.caririemacao.com\/1\/wp-json\/wp\/v2\/types\/post"}],"author":[{"embeddable":true,"href":"https:\/\/www.caririemacao.com\/1\/wp-json\/wp\/v2\/users\/2"}],"replies":[{"embeddable":true,"href":"https:\/\/www.caririemacao.com\/1\/wp-json\/wp\/v2\/comments?post=37952"}],"version-history":[{"count":0,"href":"https:\/\/www.caririemacao.com\/1\/wp-json\/wp\/v2\/posts\/37952\/revisions"}],"wp:featuredmedia":[{"embeddable":true,"href":"https:\/\/www.caririemacao.com\/1\/wp-json\/wp\/v2\/media\/20181"}],"wp:attachment":[{"href":"https:\/\/www.caririemacao.com\/1\/wp-json\/wp\/v2\/media?parent=37952"}],"wp:term":[{"taxonomy":"category","embeddable":true,"href":"https:\/\/www.caririemacao.com\/1\/wp-json\/wp\/v2\/categories?post=37952"},{"taxonomy":"post_tag","embeddable":true,"href":"https:\/\/www.caririemacao.com\/1\/wp-json\/wp\/v2\/tags?post=37952"}],"curies":[{"name":"wp","href":"https:\/\/api.w.org\/{rel}","templated":true}]}}