{"id":37960,"date":"2018-01-18T21:15:21","date_gmt":"2018-01-19T00:15:21","guid":{"rendered":"http:\/\/caririemacao.com\/1\/?p=37960"},"modified":"2018-01-18T21:15:21","modified_gmt":"2018-01-19T00:15:21","slug":"detran-pb-e-policia-civil-discutem-regulamentacao-de-desmanches-na-paraiba","status":"publish","type":"post","link":"https:\/\/www.caririemacao.com\/1\/2018\/01\/18\/detran-pb-e-policia-civil-discutem-regulamentacao-de-desmanches-na-paraiba\/","title":{"rendered":"Detran-PB e Pol\u00edcia Civil discutem regulamenta\u00e7\u00e3o de desmanches na Para\u00edba"},"content":{"rendered":"<p>O superinatendente do Detran-PB, Agamenon Vieira, participou nesta quinta-feira (18), de reuni\u00e3o t\u00e9cnica com delegados da Pol\u00edcia Civil para estudar um projeto de regulamenta\u00e7\u00e3o dos desmanches no estado. O encontro, realizado na sede do \u00f3rg\u00e3o, em Jo\u00e3o Pessoa, teve o objetivo de discutir a implementa\u00e7\u00e3o da resolu\u00e7\u00e3o n\u00b0 611\/2016 do Contran, que trata da comercializa\u00e7\u00e3o de pe\u00e7as de ve\u00edculos desmanchados, as conhecidas &#8220;sucatas&#8221;.<\/p>\n<p>Na oportunidade, Agamenon destacou a import\u00e2ncia da proposta para seguran\u00e7a p\u00fablica. &#8220;A maioria dos roubos e furtos de ve\u00edculos objetiva a venda posterior das pe\u00e7as ap\u00f3s seu desmanche ilegal. Com a regulamenta\u00e7\u00e3o, o Estado passar\u00e1 a fiscalizar esse com\u00e9rcio, garantindo a proced\u00eancia das pe\u00e7as e tornando mais dificultosa a circula\u00e7\u00e3o de produtos de origem il\u00edcita&#8221;, disse o superintendente.<\/p>\n<p>O diretor lembrou ainda que, com a normatiza\u00e7\u00e3o, o estado ter\u00e1 maior controle tamb\u00e9m para fins de recolhimento tribut\u00e1rio, o que trar\u00e1 benef\u00edcios para o tesouro estadual. &#8220;Em tempos de crise como o que vivemos, implementar uma regulamenta\u00e7\u00e3o que colabore com a seguran\u00e7a p\u00fablica e ainda melhore os rendimentos do estado \u00e9 uma sa\u00edda ideal para um problema que j\u00e1 tem d\u00e9cadas de exist\u00eancia&#8221;, completou.<\/p>\n<p>Participaram da reuni\u00e3o o delegado geral da Pol\u00edcia Civil, Jo\u00e3o Alves, o delegado adjunto da PC, Isa\u00edas Gualberto, os delegados civis Get\u00falio de Lira Machado, Erilberto Maciel, Roberta Neiva e Antonio Brayner, al\u00e9m do capit\u00e3o C\u00e9sar Urak, representando a Corregedoria do Detran-PB, do chefe da Assejur, Romilton Dutra, e de Max Gusm\u00e3o, da Secretaria da Receita Estadual.<\/p>\n<p><strong>CARIRI EM A\u00c7\u00c3O<\/strong><\/p>\n<p><em>Com Rep\u00f3rter PB\/Foto:\u00a0Reprodu\u00e7\u00e3o google<\/em><\/p>\n<p><strong>Leia mais not\u00edcias em\u00a0<\/strong><a href=\"http:\/\/www.caririemacao.com\/\"><strong>caririemacao.com<\/strong><\/a><strong>, siga nossa p\u00e1gina no\u00a0<\/strong><a href=\"https:\/\/www.facebook.com\/CaririEmAcao\/?ref=aymt_homepage_panel\"><strong>Facebook<\/strong><\/a>,<strong>\u00a0<\/strong><a href=\"https:\/\/www.instagram.com\/cariri_em_acao\/?hl=pt-br\"><strong>Instagram<\/strong><\/a><strong>\u00a0e\u00a0<\/strong><a href=\"https:\/\/www.youtube.com\/channel\/UCAptA0jQuYQy8vMhLt2m4qg\"><strong>Youtube<\/strong><\/a><strong>\u00a0e veja nossas mat\u00e9rias, v\u00eddeos e fotos. Voc\u00ea tamb\u00e9m pode enviar informa\u00e7\u00f5es \u00e0 Reda\u00e7\u00e3o do Portal Cariri em A\u00e7\u00e3o pelo WhatsApp (83) 9 9634.5791, (83) 9 9601-1162.<\/strong><\/p>\n","protected":false},"excerpt":{"rendered":"<p>O superinatendente do Detran-PB, Agamenon Vieira, participou nesta quinta-feira (18), de reuni\u00e3o t\u00e9cnica com delegados da Pol\u00edcia Civil para estudar um projeto de regulamenta\u00e7\u00e3o dos&hellip; <\/p>\n","protected":false},"author":2,"featured_media":37961,"comment_status":"closed","ping_status":"closed","sticky":false,"template":"","format":"standard","meta":{"sfsi_plus_gutenberg_text_before_share":"","sfsi_plus_gutenberg_show_text_before_share":"","sfsi_plus_gutenberg_icon_type":"","sfsi_plus_gutenberg_icon_alignemt":"","sfsi_plus_gutenburg_max_per_row":"","footnotes":""},"categories":[2],"tags":[],"class_list":["post-37960","post","type-post","status-publish","format-standard","has-post-thumbnail","hentry","category-geral"],"_links":{"self":[{"href":"https:\/\/www.caririemacao.com\/1\/wp-json\/wp\/v2\/posts\/37960","targetHints":{"allow":["GET"]}}],"collection":[{"href":"https:\/\/www.caririemacao.com\/1\/wp-json\/wp\/v2\/posts"}],"about":[{"href":"https:\/\/www.caririemacao.com\/1\/wp-json\/wp\/v2\/types\/post"}],"author":[{"embeddable":true,"href":"https:\/\/www.caririemacao.com\/1\/wp-json\/wp\/v2\/users\/2"}],"replies":[{"embeddable":true,"href":"https:\/\/www.caririemacao.com\/1\/wp-json\/wp\/v2\/comments?post=37960"}],"version-history":[{"count":0,"href":"https:\/\/www.caririemacao.com\/1\/wp-json\/wp\/v2\/posts\/37960\/revisions"}],"wp:featuredmedia":[{"embeddable":true,"href":"https:\/\/www.caririemacao.com\/1\/wp-json\/wp\/v2\/media\/37961"}],"wp:attachment":[{"href":"https:\/\/www.caririemacao.com\/1\/wp-json\/wp\/v2\/media?parent=37960"}],"wp:term":[{"taxonomy":"category","embeddable":true,"href":"https:\/\/www.caririemacao.com\/1\/wp-json\/wp\/v2\/categories?post=37960"},{"taxonomy":"post_tag","embeddable":true,"href":"https:\/\/www.caririemacao.com\/1\/wp-json\/wp\/v2\/tags?post=37960"}],"curies":[{"name":"wp","href":"https:\/\/api.w.org\/{rel}","templated":true}]}}