{"id":37963,"date":"2018-01-18T21:23:41","date_gmt":"2018-01-19T00:23:41","guid":{"rendered":"http:\/\/caririemacao.com\/1\/?p=37963"},"modified":"2018-01-18T21:23:41","modified_gmt":"2018-01-19T00:23:41","slug":"temer-nega-ter-autorizado-rocha-loures-a-negociar-em-seu-nome","status":"publish","type":"post","link":"https:\/\/www.caririemacao.com\/1\/2018\/01\/18\/temer-nega-ter-autorizado-rocha-loures-a-negociar-em-seu-nome\/","title":{"rendered":"Temer nega ter autorizado Rocha Loures a negociar em seu nome"},"content":{"rendered":"<p>O presidente Michel Temer afirmou \u00e0 Pol\u00edcia Federal (PF) nesta quinta-feira (18\/01) que n\u00e3o autorizou o seu ex-assessor e ex-deputado Rodrigo Rocha Loures (PMDB) a receber dinheiro ou negociar no seu nome. A declara\u00e7\u00e3o foi feita no documento no qual respondeu as 50 perguntas de investigadores que apuram supostas irregularidades na edi\u00e7\u00e3o do chamado Decreto dos Portos.<\/p>\n<p>&#8220;Nunca solicitei que o sr. Rodrigo Rocha Loures recebesse recursos de campanha ou de qualquer outra origem em meu nome&#8221;, disse Temer numa das respostas. O presidente acrescentou que n\u00e3o pediu ao ex-assessor que acompanhasse o decreto e negou saber que ele estaria sendo pressionado por empres\u00e1rios para conseguir benef\u00edcios com a edi\u00e7\u00e3o do documento.<\/p>\n<p>&#8220;Pe\u00e7o v\u00eania para real\u00e7ar a impertin\u00eancia de tal quest\u00e3o, por colocar em d\u00favida a minha honorabilidade e dignidade pessoal&#8221;, criticou Temer nas respostas que foram enviadas por sua defesa ao Supremo Tribunal Federal (STF).<\/p>\n<p>Loures \u00e9 um dos principais personagens do esc\u00e2ndalo que quase afastou Temer da Presid\u00eancia por duas vezes. O ex-assesor foi flagrado em abril recebendo uma mala com 500 mil reais de um diretor da JBS, Ricardo Saud. O dinheiro, segundo a investiga\u00e7\u00e3o da Pol\u00edcia Federal, era de propina e teve o presidente como benefici\u00e1rio. Loures seria o operador de Temer para assuntos ligados ao grupo. Ambos negam as acusa\u00e7\u00f5es<\/p>\n<p>O inqu\u00e9rito no qual Temer prestou depoimento, no entanto, apura se o presidente recebeu propina para editar o Decreto dos Portos, que teria favorecido a empresa Rodrimar, que atua no Porto de Santos. Al\u00e9m de Temer, s\u00e3o investigados Loures e os donos da Rodrimar Ant\u00f4nio Celso Grecco e Ricardo Mesquita.<\/p>\n<p>Nas respostas, Temer negou irregularidades no decreto, editado em maio do ano passado. O presidente disse que jamais foi procurado por empres\u00e1rios para tratar da edi\u00e7\u00e3o do documento. Ele admitiu, por\u00e9m, ter rela\u00e7\u00e3o com Ant\u00f4nio Celso Grecco.<\/p>\n<p>O interrogat\u00f3rio de Temer foi solicitado pelos delegados respons\u00e1veis pelo caso e autorizado pelo ministro Luis Roberto Barroso, relator da investiga\u00e7\u00e3o, que tem como base documentos apreendidos na Opera\u00e7\u00e3o Patmos e em escutas telef\u00f4nicas de Loures.<\/p>\n<p>Nos telefonemas, Loures articula com a Casa Civil para que o decreto beneficie empresas que obtiveram concess\u00f5es de portos antes de 1993, como \u00e9 o caso da Rodrimar, e comunica as altera\u00e7\u00f5es no texto do decreto a um diretor da empresa.<\/p>\n<p>O pedido de abertura da investiga\u00e7\u00e3o havia sido feito em junho pelo ex-procurador-geral da Rep\u00fablica, Rodrigo Janot. Em setembro, o STF autorizou o inqu\u00e9rito contra Temer e Loures, que s\u00e3o acusados de corrup\u00e7\u00e3o ativa, passiva e lavagem de dinheiro. Assim como o presidente, o ex-assessor nega as acusa\u00e7\u00f5es.<\/p>\n<p>Ap\u00f3s a abertura do inqu\u00e9rito, a Rodrimar declarou que nunca recebeu qualquer privil\u00e9gio e que o decreto atendeu a uma reivindica\u00e7\u00e3o de todo o setor de terminais portu\u00e1rios do pa\u00eds.<\/p>\n<p><strong>CARIRI EM A\u00c7\u00c3O<\/strong><\/p>\n<p><em>Com DW.com\/Foto:\u00a0Reprodu\u00e7\u00e3o google<\/em><\/p>\n<p><strong>Leia mais not\u00edcias em\u00a0<\/strong><a href=\"http:\/\/www.caririemacao.com\/\"><strong>caririemacao.com<\/strong><\/a><strong>, siga nossa p\u00e1gina no\u00a0<\/strong><a href=\"https:\/\/www.facebook.com\/CaririEmAcao\/?ref=aymt_homepage_panel\"><strong>Facebook<\/strong><\/a>,<strong>\u00a0<\/strong><a href=\"https:\/\/www.instagram.com\/cariri_em_acao\/?hl=pt-br\"><strong>Instagram<\/strong><\/a><strong>\u00a0e\u00a0<\/strong><a href=\"https:\/\/www.youtube.com\/channel\/UCAptA0jQuYQy8vMhLt2m4qg\"><strong>Youtube<\/strong><\/a><strong>\u00a0e veja nossas mat\u00e9rias, v\u00eddeos e fotos. Voc\u00ea tamb\u00e9m pode enviar informa\u00e7\u00f5es \u00e0 Reda\u00e7\u00e3o do Portal Cariri em A\u00e7\u00e3o pelo WhatsApp (83) 9 9634.5791, (83) 9 9601-1162.<\/strong><\/p>\n","protected":false},"excerpt":{"rendered":"<p>O presidente Michel Temer afirmou \u00e0 Pol\u00edcia Federal (PF) nesta quinta-feira (18\/01) que n\u00e3o autorizou o seu ex-assessor e ex-deputado Rodrigo Rocha Loures (PMDB) a&hellip; <\/p>\n","protected":false},"author":2,"featured_media":23516,"comment_status":"closed","ping_status":"closed","sticky":false,"template":"","format":"standard","meta":{"sfsi_plus_gutenberg_text_before_share":"","sfsi_plus_gutenberg_show_text_before_share":"","sfsi_plus_gutenberg_icon_type":"","sfsi_plus_gutenberg_icon_alignemt":"","sfsi_plus_gutenburg_max_per_row":"","footnotes":""},"categories":[11],"tags":[],"class_list":["post-37963","post","type-post","status-publish","format-standard","has-post-thumbnail","hentry","category-politica"],"_links":{"self":[{"href":"https:\/\/www.caririemacao.com\/1\/wp-json\/wp\/v2\/posts\/37963","targetHints":{"allow":["GET"]}}],"collection":[{"href":"https:\/\/www.caririemacao.com\/1\/wp-json\/wp\/v2\/posts"}],"about":[{"href":"https:\/\/www.caririemacao.com\/1\/wp-json\/wp\/v2\/types\/post"}],"author":[{"embeddable":true,"href":"https:\/\/www.caririemacao.com\/1\/wp-json\/wp\/v2\/users\/2"}],"replies":[{"embeddable":true,"href":"https:\/\/www.caririemacao.com\/1\/wp-json\/wp\/v2\/comments?post=37963"}],"version-history":[{"count":0,"href":"https:\/\/www.caririemacao.com\/1\/wp-json\/wp\/v2\/posts\/37963\/revisions"}],"wp:featuredmedia":[{"embeddable":true,"href":"https:\/\/www.caririemacao.com\/1\/wp-json\/wp\/v2\/media\/23516"}],"wp:attachment":[{"href":"https:\/\/www.caririemacao.com\/1\/wp-json\/wp\/v2\/media?parent=37963"}],"wp:term":[{"taxonomy":"category","embeddable":true,"href":"https:\/\/www.caririemacao.com\/1\/wp-json\/wp\/v2\/categories?post=37963"},{"taxonomy":"post_tag","embeddable":true,"href":"https:\/\/www.caririemacao.com\/1\/wp-json\/wp\/v2\/tags?post=37963"}],"curies":[{"name":"wp","href":"https:\/\/api.w.org\/{rel}","templated":true}]}}