{"id":37967,"date":"2018-01-18T22:01:23","date_gmt":"2018-01-19T01:01:23","guid":{"rendered":"http:\/\/caririemacao.com\/1\/?p=37967"},"modified":"2018-01-18T22:01:23","modified_gmt":"2018-01-19T01:01:23","slug":"comerciante-monteirense-e-vitima-de-acidente-na-br-110","status":"publish","type":"post","link":"https:\/\/www.caririemacao.com\/1\/2018\/01\/18\/comerciante-monteirense-e-vitima-de-acidente-na-br-110\/","title":{"rendered":"Comerciante Monteirense \u00e9 vitima de acidente na BR-110"},"content":{"rendered":"<p>Por volta das 03:45 h da manh\u00e3 desta quinta-feira (18), o jovem Ricardo Sesse, da Loja \u201cR SESSE MOTOS\u201d teria ido para cidade de Afogados da Ingazeira-PE fazer as inscri\u00e7\u00f5es do curso.<\/p>\n<p>Na volta chegando em Monteiro pr\u00f3ximo ou trevo \u201d MANZUA\u201d colidiu em dois animas. a vitima n\u00e3o se machucou, s\u00f3 bens mat\u00e9rias.<\/p>\n<p><strong>CARIRI EM A\u00c7\u00c3O<\/strong><\/p>\n<p><em>Com Hora1PB\/Foto:\u00a0Hora1PB<\/em><\/p>\n<p><strong>Leia mais not\u00edcias em\u00a0<\/strong><a href=\"http:\/\/www.caririemacao.com\/\"><strong>caririemacao.com<\/strong><\/a><strong>, siga nossa p\u00e1gina no\u00a0<\/strong><a href=\"https:\/\/www.facebook.com\/CaririEmAcao\/?ref=aymt_homepage_panel\"><strong>Facebook<\/strong><\/a>,<strong>\u00a0<\/strong><a href=\"https:\/\/www.instagram.com\/cariri_em_acao\/?hl=pt-br\"><strong>Instagram<\/strong><\/a><strong>\u00a0e\u00a0<\/strong><a href=\"https:\/\/www.youtube.com\/channel\/UCAptA0jQuYQy8vMhLt2m4qg\"><strong>Youtube<\/strong><\/a><strong>\u00a0e veja nossas mat\u00e9rias, v\u00eddeos e fotos. Voc\u00ea tamb\u00e9m pode enviar informa\u00e7\u00f5es \u00e0 Reda\u00e7\u00e3o do Portal Cariri em A\u00e7\u00e3o pelo WhatsApp (83) 9 9634.5791, (83) 9 9601-1162.<\/strong><\/p>\n","protected":false},"excerpt":{"rendered":"<p>Por volta das 03:45 h da manh\u00e3 desta quinta-feira (18), o jovem Ricardo Sesse, da Loja \u201cR SESSE MOTOS\u201d teria ido para cidade de Afogados&hellip; <\/p>\n","protected":false},"author":2,"featured_media":37968,"comment_status":"closed","ping_status":"closed","sticky":false,"template":"","format":"standard","meta":{"sfsi_plus_gutenberg_text_before_share":"","sfsi_plus_gutenberg_show_text_before_share":"","sfsi_plus_gutenberg_icon_type":"","sfsi_plus_gutenberg_icon_alignemt":"","sfsi_plus_gutenburg_max_per_row":"","footnotes":""},"categories":[12],"tags":[],"class_list":["post-37967","post","type-post","status-publish","format-standard","has-post-thumbnail","hentry","category-policia"],"_links":{"self":[{"href":"https:\/\/www.caririemacao.com\/1\/wp-json\/wp\/v2\/posts\/37967","targetHints":{"allow":["GET"]}}],"collection":[{"href":"https:\/\/www.caririemacao.com\/1\/wp-json\/wp\/v2\/posts"}],"about":[{"href":"https:\/\/www.caririemacao.com\/1\/wp-json\/wp\/v2\/types\/post"}],"author":[{"embeddable":true,"href":"https:\/\/www.caririemacao.com\/1\/wp-json\/wp\/v2\/users\/2"}],"replies":[{"embeddable":true,"href":"https:\/\/www.caririemacao.com\/1\/wp-json\/wp\/v2\/comments?post=37967"}],"version-history":[{"count":0,"href":"https:\/\/www.caririemacao.com\/1\/wp-json\/wp\/v2\/posts\/37967\/revisions"}],"wp:featuredmedia":[{"embeddable":true,"href":"https:\/\/www.caririemacao.com\/1\/wp-json\/wp\/v2\/media\/37968"}],"wp:attachment":[{"href":"https:\/\/www.caririemacao.com\/1\/wp-json\/wp\/v2\/media?parent=37967"}],"wp:term":[{"taxonomy":"category","embeddable":true,"href":"https:\/\/www.caririemacao.com\/1\/wp-json\/wp\/v2\/categories?post=37967"},{"taxonomy":"post_tag","embeddable":true,"href":"https:\/\/www.caririemacao.com\/1\/wp-json\/wp\/v2\/tags?post=37967"}],"curies":[{"name":"wp","href":"https:\/\/api.w.org\/{rel}","templated":true}]}}