{"id":37973,"date":"2018-01-18T22:07:47","date_gmt":"2018-01-19T01:07:47","guid":{"rendered":"http:\/\/caririemacao.com\/1\/?p=37973"},"modified":"2018-01-18T22:07:47","modified_gmt":"2018-01-19T01:07:47","slug":"ex-primeira-dama-processa-governador-da-paraiba-por-agressao","status":"publish","type":"post","link":"https:\/\/www.caririemacao.com\/1\/2018\/01\/18\/ex-primeira-dama-processa-governador-da-paraiba-por-agressao\/","title":{"rendered":"EX Primeira-dama processa governador da Para\u00edba por agress\u00e3o"},"content":{"rendered":"<p>A ex-primeira-dama P\u00e2mela B\u00f3rio processou o governador da Para\u00edba Ricardo Coutinho (PSB) com uma base na Lei Maria da Penha. Ele j\u00e1 foi notificado pelo Superior Tribunal de Justi\u00e7a (STJ) e tem cinco dias para se pronunciar.<br \/>\nA cita\u00e7\u00e3o ocorreu no dia 15 de janeiro. O processo corre em segredo de Justi\u00e7a. O relator da a\u00e7\u00e3o \u00e9 o ministro Francisco Falc\u00e3o.<br \/>\nO advogado Sheyner Asfora, que representa o governador, confirmou nesta quarta-feira (17), que corre no STJ a a\u00e7\u00e3o em segredo de Justi\u00e7a. \u201cEm mais um desatino pessoal, a Sr\u00aa Pamela B\u00f3rio aciona o Poder Judici\u00e1rio na tentativa de denegrir a imagem do governador Ricardo Coutinho\u201d, diz o advogado.<\/p>\n<p>Em 2015, a ex-primeira-dama disse ter sido agredida ap\u00f3s uma discuss\u00e3o na Granja Santana, resid\u00eancia oficial do Governador da Para\u00edba. No Boletim de Ocorr\u00eancia, na \u00e9poca, ela registrou ter sido agredida por duas parentes de Ricardo Coutinho. O epis\u00f3dio foi inclu\u00eddo no processo no STJ.<br \/>\nO pedido da ex-primeira-dama requer medidas protetivas contra o ex-marido.<br \/>\nNas redes sociais, P\u00e2mela B\u00f3rio falou sobre as acusa\u00e7\u00f5es que faz contra o governador.<\/p>\n<p>Segundo ela, \u201cainda casada com o atual governador, sofria viol\u00eancia psicol\u00f3gica (amea\u00e7as a mim e \u00e0s amigas e familiares, aliena\u00e7\u00e3o parental e chantagem emocional com o meu filho), viol\u00eancia patrimonial (tiraram meu programa do ar), viol\u00eancia moral [\u2026] e, a pior, viol\u00eancia verbal e f\u00edsica [\u2026]\u201d<\/p>\n<p><strong>CARIRI EM A\u00c7\u00c3O<\/strong><\/p>\n<p><em>Com Hora1PB\/Foto:\u00a0Reprodu\u00e7\u00e3o google<\/em><\/p>\n<p><strong>Leia mais not\u00edcias em\u00a0<\/strong><a href=\"http:\/\/www.caririemacao.com\/\"><strong>caririemacao.com<\/strong><\/a><strong>, siga nossa p\u00e1gina no\u00a0<\/strong><a href=\"https:\/\/www.facebook.com\/CaririEmAcao\/?ref=aymt_homepage_panel\"><strong>Facebook<\/strong><\/a>,<strong>\u00a0<\/strong><a href=\"https:\/\/www.instagram.com\/cariri_em_acao\/?hl=pt-br\"><strong>Instagram<\/strong><\/a><strong>\u00a0e\u00a0<\/strong><a href=\"https:\/\/www.youtube.com\/channel\/UCAptA0jQuYQy8vMhLt2m4qg\"><strong>Youtube<\/strong><\/a><strong>\u00a0e veja nossas mat\u00e9rias, v\u00eddeos e fotos. Voc\u00ea tamb\u00e9m pode enviar informa\u00e7\u00f5es \u00e0 Reda\u00e7\u00e3o do Portal Cariri em A\u00e7\u00e3o pelo WhatsApp (83) 9 9634.5791, (83) 9 9601-1162.<\/strong><\/p>\n","protected":false},"excerpt":{"rendered":"<p>A ex-primeira-dama P\u00e2mela B\u00f3rio processou o governador da Para\u00edba Ricardo Coutinho (PSB) com uma base na Lei Maria da Penha. Ele j\u00e1 foi notificado pelo&hellip; <\/p>\n","protected":false},"author":2,"featured_media":34880,"comment_status":"closed","ping_status":"closed","sticky":false,"template":"","format":"standard","meta":{"sfsi_plus_gutenberg_text_before_share":"","sfsi_plus_gutenberg_show_text_before_share":"","sfsi_plus_gutenberg_icon_type":"","sfsi_plus_gutenberg_icon_alignemt":"","sfsi_plus_gutenburg_max_per_row":"","footnotes":""},"categories":[2],"tags":[],"class_list":["post-37973","post","type-post","status-publish","format-standard","has-post-thumbnail","hentry","category-geral"],"_links":{"self":[{"href":"https:\/\/www.caririemacao.com\/1\/wp-json\/wp\/v2\/posts\/37973","targetHints":{"allow":["GET"]}}],"collection":[{"href":"https:\/\/www.caririemacao.com\/1\/wp-json\/wp\/v2\/posts"}],"about":[{"href":"https:\/\/www.caririemacao.com\/1\/wp-json\/wp\/v2\/types\/post"}],"author":[{"embeddable":true,"href":"https:\/\/www.caririemacao.com\/1\/wp-json\/wp\/v2\/users\/2"}],"replies":[{"embeddable":true,"href":"https:\/\/www.caririemacao.com\/1\/wp-json\/wp\/v2\/comments?post=37973"}],"version-history":[{"count":0,"href":"https:\/\/www.caririemacao.com\/1\/wp-json\/wp\/v2\/posts\/37973\/revisions"}],"wp:featuredmedia":[{"embeddable":true,"href":"https:\/\/www.caririemacao.com\/1\/wp-json\/wp\/v2\/media\/34880"}],"wp:attachment":[{"href":"https:\/\/www.caririemacao.com\/1\/wp-json\/wp\/v2\/media?parent=37973"}],"wp:term":[{"taxonomy":"category","embeddable":true,"href":"https:\/\/www.caririemacao.com\/1\/wp-json\/wp\/v2\/categories?post=37973"},{"taxonomy":"post_tag","embeddable":true,"href":"https:\/\/www.caririemacao.com\/1\/wp-json\/wp\/v2\/tags?post=37973"}],"curies":[{"name":"wp","href":"https:\/\/api.w.org\/{rel}","templated":true}]}}