{"id":37975,"date":"2018-01-18T22:10:35","date_gmt":"2018-01-19T01:10:35","guid":{"rendered":"http:\/\/caririemacao.com\/1\/?p=37975"},"modified":"2018-01-18T22:10:35","modified_gmt":"2018-01-19T01:10:35","slug":"ladroes-nao-perdoam-e-roubam-som-do-ex-candidato-a-vereador-falcao-do-cariri","status":"publish","type":"post","link":"https:\/\/www.caririemacao.com\/1\/2018\/01\/18\/ladroes-nao-perdoam-e-roubam-som-do-ex-candidato-a-vereador-falcao-do-cariri\/","title":{"rendered":"Ladr\u00f5es n\u00e3o perdoam e roubam som do ex candidato a vereador \u201cFalc\u00e3o do Cariri\u201d"},"content":{"rendered":"<p>O ex candidato a vereador de Monteiro conhecido como Falc\u00e3o do Cariri foi roubado na madrugada de Domingo para Segunda feira passada.<\/p>\n<p>De acordo com Falc\u00e3o, roubaram o som completo que ele utilizava em sua carro\u00e7a de burro, e com o qual ele providenciava sua renda atualmente.<\/p>\n<p>Ele disse ainda que o bandido na fuga deixou um par de sand\u00e1lias, pelo qual \u201cFalc\u00e3o\u201d iniciou uma investiga\u00e7\u00e3o e de forma extra oficial descobriu o nome e o endere\u00e7o do acusado<\/p>\n<p>A pol\u00edcia foi informada dos detalhes do \u201ccrime\u201d e o popular Falc\u00e3o aguarda que seu som seja recuperado o mais breve poss\u00edvel.<\/p>\n<p><strong>CARIRI EM A\u00c7\u00c3O<\/strong><\/p>\n<p><em>Com O Pipoco\/Foto: O Pipoco<\/em><\/p>\n<p><strong>Leia mais not\u00edcias em\u00a0<\/strong><a href=\"http:\/\/www.caririemacao.com\/\"><strong>caririemacao.com<\/strong><\/a><strong>, siga nossa p\u00e1gina no\u00a0<\/strong><a href=\"https:\/\/www.facebook.com\/CaririEmAcao\/?ref=aymt_homepage_panel\"><strong>Facebook<\/strong><\/a>,<strong>\u00a0<\/strong><a href=\"https:\/\/www.instagram.com\/cariri_em_acao\/?hl=pt-br\"><strong>Instagram<\/strong><\/a><strong>\u00a0e\u00a0<\/strong><a href=\"https:\/\/www.youtube.com\/channel\/UCAptA0jQuYQy8vMhLt2m4qg\"><strong>Youtube<\/strong><\/a><strong>\u00a0e veja nossas mat\u00e9rias, v\u00eddeos e fotos. Voc\u00ea tamb\u00e9m pode enviar informa\u00e7\u00f5es \u00e0 Reda\u00e7\u00e3o do Portal Cariri em A\u00e7\u00e3o pelo WhatsApp (83) 9 9634.5791, (83) 9 9601-1162.<\/strong><\/p>\n","protected":false},"excerpt":{"rendered":"<p>O ex candidato a vereador de Monteiro conhecido como Falc\u00e3o do Cariri foi roubado na madrugada de Domingo para Segunda feira passada. De acordo com&hellip; <\/p>\n","protected":false},"author":2,"featured_media":37976,"comment_status":"closed","ping_status":"closed","sticky":false,"template":"","format":"standard","meta":{"sfsi_plus_gutenberg_text_before_share":"","sfsi_plus_gutenberg_show_text_before_share":"","sfsi_plus_gutenberg_icon_type":"","sfsi_plus_gutenberg_icon_alignemt":"","sfsi_plus_gutenburg_max_per_row":"","footnotes":""},"categories":[12],"tags":[],"class_list":["post-37975","post","type-post","status-publish","format-standard","has-post-thumbnail","hentry","category-policia"],"_links":{"self":[{"href":"https:\/\/www.caririemacao.com\/1\/wp-json\/wp\/v2\/posts\/37975","targetHints":{"allow":["GET"]}}],"collection":[{"href":"https:\/\/www.caririemacao.com\/1\/wp-json\/wp\/v2\/posts"}],"about":[{"href":"https:\/\/www.caririemacao.com\/1\/wp-json\/wp\/v2\/types\/post"}],"author":[{"embeddable":true,"href":"https:\/\/www.caririemacao.com\/1\/wp-json\/wp\/v2\/users\/2"}],"replies":[{"embeddable":true,"href":"https:\/\/www.caririemacao.com\/1\/wp-json\/wp\/v2\/comments?post=37975"}],"version-history":[{"count":0,"href":"https:\/\/www.caririemacao.com\/1\/wp-json\/wp\/v2\/posts\/37975\/revisions"}],"wp:featuredmedia":[{"embeddable":true,"href":"https:\/\/www.caririemacao.com\/1\/wp-json\/wp\/v2\/media\/37976"}],"wp:attachment":[{"href":"https:\/\/www.caririemacao.com\/1\/wp-json\/wp\/v2\/media?parent=37975"}],"wp:term":[{"taxonomy":"category","embeddable":true,"href":"https:\/\/www.caririemacao.com\/1\/wp-json\/wp\/v2\/categories?post=37975"},{"taxonomy":"post_tag","embeddable":true,"href":"https:\/\/www.caririemacao.com\/1\/wp-json\/wp\/v2\/tags?post=37975"}],"curies":[{"name":"wp","href":"https:\/\/api.w.org\/{rel}","templated":true}]}}