{"id":37979,"date":"2018-01-18T22:32:08","date_gmt":"2018-01-19T01:32:08","guid":{"rendered":"http:\/\/caririemacao.com\/1\/?p=37979"},"modified":"2018-01-18T22:37:55","modified_gmt":"2018-01-19T01:37:55","slug":"acidente-com-vitima-fatal-e-registrado-no-cariri","status":"publish","type":"post","link":"https:\/\/www.caririemacao.com\/1\/2018\/01\/18\/acidente-com-vitima-fatal-e-registrado-no-cariri\/","title":{"rendered":"Acidente com v\u00edtima fatal \u00e9 registrado no Cariri"},"content":{"rendered":"<p>Um acidente com v\u00edtima fatal foi registrado na cidade de Tapero\u00e1, regi\u00e3o do Cariri na noite desta quinta-feira (18), de acordo com as primeiras informa\u00e7\u00f5es o acidente envolveu dois carros uma Saveiro de cor branca e um Fox preto.<\/p>\n<p>O fato ocorreu nas proximidades de um assentamento do Movimento Sem Terra e acabou deixando tr\u00eas v\u00edtimas, duas foram encaminhadas para o Hospital Geral de Tapero\u00e1 e em seguida encaminhados para o trauma em Campina Grande, j\u00e1 a terceira v\u00edtima que conduzia o Saveiro morreu no local do acidente.<\/p>\n<p>As v\u00edtimas ainda n\u00e3o foram identificadas.<\/p>\n<p>Mais informa\u00e7\u00f5es a qualquer instante<\/p>\n<p><strong>CARIRI EM A\u00c7\u00c3O<\/strong><\/p>\n<p><strong>Leia mais not\u00edcias em\u00a0<\/strong><a href=\"http:\/\/www.caririemacao.com\/\"><strong>caririemacao.com<\/strong><\/a><strong>, siga nossa p\u00e1gina no\u00a0<\/strong><a href=\"https:\/\/www.facebook.com\/CaririEmAcao\/?ref=aymt_homepage_panel\"><strong>Facebook<\/strong><\/a>,<strong>\u00a0<\/strong><a href=\"https:\/\/www.instagram.com\/cariri_em_acao\/?hl=pt-br\"><strong>Instagram<\/strong><\/a><strong>\u00a0e\u00a0<\/strong><a href=\"https:\/\/www.youtube.com\/channel\/UCAptA0jQuYQy8vMhLt2m4qg\"><strong>Youtube<\/strong><\/a><strong>\u00a0e veja nossas mat\u00e9rias, v\u00eddeos e fotos. Voc\u00ea tamb\u00e9m pode enviar informa\u00e7\u00f5es \u00e0 Reda\u00e7\u00e3o do Portal Cariri em A\u00e7\u00e3o pelo WhatsApp (83) 9 9634.5791, (83) 9 9601-1162.<\/strong><\/p>\n<p>&nbsp;<\/p>\n<p><a href=\"http:\/\/caririemacao.com\/1\/wp-content\/uploads\/2018\/01\/4d514f73-ee74-4f0a-bdad-f1688b8fe9a9.jpeg\"><img fetchpriority=\"high\" decoding=\"async\" class=\"aligncenter size-medium wp-image-37980\" src=\"http:\/\/caririemacao.com\/1\/wp-content\/uploads\/2018\/01\/4d514f73-ee74-4f0a-bdad-f1688b8fe9a9-300x168.jpeg\" alt=\"\" width=\"300\" height=\"168\" srcset=\"https:\/\/www.caririemacao.com\/1\/wp-content\/uploads\/2018\/01\/4d514f73-ee74-4f0a-bdad-f1688b8fe9a9-300x168.jpeg 300w, https:\/\/www.caririemacao.com\/1\/wp-content\/uploads\/2018\/01\/4d514f73-ee74-4f0a-bdad-f1688b8fe9a9-768x431.jpeg 768w, https:\/\/www.caririemacao.com\/1\/wp-content\/uploads\/2018\/01\/4d514f73-ee74-4f0a-bdad-f1688b8fe9a9-800x445.jpeg 800w, https:\/\/www.caririemacao.com\/1\/wp-content\/uploads\/2018\/01\/4d514f73-ee74-4f0a-bdad-f1688b8fe9a9.jpeg 960w\" sizes=\"(max-width: 300px) 100vw, 300px\" \/><\/a><a href=\"http:\/\/caririemacao.com\/1\/wp-content\/uploads\/2018\/01\/91b5338c-cb10-48b2-aeec-9c940075376a.jpeg\"><img decoding=\"async\" class=\"aligncenter size-medium wp-image-37981 lazyload\" data-src=\"http:\/\/caririemacao.com\/1\/wp-content\/uploads\/2018\/01\/91b5338c-cb10-48b2-aeec-9c940075376a-300x168.jpeg\" alt=\"\" width=\"300\" height=\"168\" data-srcset=\"https:\/\/www.caririemacao.com\/1\/wp-content\/uploads\/2018\/01\/91b5338c-cb10-48b2-aeec-9c940075376a-300x168.jpeg 300w, https:\/\/www.caririemacao.com\/1\/wp-content\/uploads\/2018\/01\/91b5338c-cb10-48b2-aeec-9c940075376a-768x431.jpeg 768w, https:\/\/www.caririemacao.com\/1\/wp-content\/uploads\/2018\/01\/91b5338c-cb10-48b2-aeec-9c940075376a-800x445.jpeg 800w, https:\/\/www.caririemacao.com\/1\/wp-content\/uploads\/2018\/01\/91b5338c-cb10-48b2-aeec-9c940075376a.jpeg 960w\" data-sizes=\"(max-width: 300px) 100vw, 300px\" src=\"data:image\/svg+xml;base64,PHN2ZyB3aWR0aD0iMSIgaGVpZ2h0PSIxIiB4bWxucz0iaHR0cDovL3d3dy53My5vcmcvMjAwMC9zdmciPjwvc3ZnPg==\" style=\"--smush-placeholder-width: 300px; --smush-placeholder-aspect-ratio: 300\/168;\" \/><\/a><\/p>\n","protected":false},"excerpt":{"rendered":"<p>Um acidente com v\u00edtima fatal foi registrado na cidade de Tapero\u00e1, regi\u00e3o do Cariri na noite desta quinta-feira (18), de acordo com as primeiras informa\u00e7\u00f5es&hellip; <\/p>\n","protected":false},"author":2,"featured_media":37982,"comment_status":"closed","ping_status":"closed","sticky":false,"template":"","format":"standard","meta":{"sfsi_plus_gutenberg_text_before_share":"","sfsi_plus_gutenberg_show_text_before_share":"","sfsi_plus_gutenberg_icon_type":"","sfsi_plus_gutenberg_icon_alignemt":"","sfsi_plus_gutenburg_max_per_row":"","footnotes":""},"categories":[12],"tags":[],"class_list":["post-37979","post","type-post","status-publish","format-standard","has-post-thumbnail","hentry","category-policia"],"_links":{"self":[{"href":"https:\/\/www.caririemacao.com\/1\/wp-json\/wp\/v2\/posts\/37979","targetHints":{"allow":["GET"]}}],"collection":[{"href":"https:\/\/www.caririemacao.com\/1\/wp-json\/wp\/v2\/posts"}],"about":[{"href":"https:\/\/www.caririemacao.com\/1\/wp-json\/wp\/v2\/types\/post"}],"author":[{"embeddable":true,"href":"https:\/\/www.caririemacao.com\/1\/wp-json\/wp\/v2\/users\/2"}],"replies":[{"embeddable":true,"href":"https:\/\/www.caririemacao.com\/1\/wp-json\/wp\/v2\/comments?post=37979"}],"version-history":[{"count":0,"href":"https:\/\/www.caririemacao.com\/1\/wp-json\/wp\/v2\/posts\/37979\/revisions"}],"wp:featuredmedia":[{"embeddable":true,"href":"https:\/\/www.caririemacao.com\/1\/wp-json\/wp\/v2\/media\/37982"}],"wp:attachment":[{"href":"https:\/\/www.caririemacao.com\/1\/wp-json\/wp\/v2\/media?parent=37979"}],"wp:term":[{"taxonomy":"category","embeddable":true,"href":"https:\/\/www.caririemacao.com\/1\/wp-json\/wp\/v2\/categories?post=37979"},{"taxonomy":"post_tag","embeddable":true,"href":"https:\/\/www.caririemacao.com\/1\/wp-json\/wp\/v2\/tags?post=37979"}],"curies":[{"name":"wp","href":"https:\/\/api.w.org\/{rel}","templated":true}]}}