{"id":37993,"date":"2018-01-19T06:07:45","date_gmt":"2018-01-19T09:07:45","guid":{"rendered":"http:\/\/caririemacao.com\/1\/?p=37993"},"modified":"2018-01-19T06:11:44","modified_gmt":"2018-01-19T09:11:44","slug":"motorista-invade-praia-em-copacabana-atropela-pedestres-e-mata-bebe-que-mora-no-recife","status":"publish","type":"post","link":"https:\/\/www.caririemacao.com\/1\/2018\/01\/19\/motorista-invade-praia-em-copacabana-atropela-pedestres-e-mata-bebe-que-mora-no-recife\/","title":{"rendered":"Motorista invade praia em Copacabana, atropela pedestres e mata beb\u00ea que mora no Recife"},"content":{"rendered":"<div class=\"mc-column content-text active-extra-styles active-capital-letter\" data-block-type=\"unstyled\" data-block-weight=\"36\" data-block-id=\"2\">\n<p class=\"content-text__container theme-color-primary-first-letter\" data-track-category=\"Link no Texto\" data-track-links=\"\">Um motorista invadiu o cal\u00e7ad\u00e3o e atropelou pedestres na Praia de Copacabana, na Zona Sul do Rio, na noite desta quinta-feira (18).\u00a0Um beb\u00ea de 8 meses morreu e a m\u00e3e est\u00e1 internada em estado grave.<\/p>\n<\/div>\n<div class=\"mc-column content-text active-extra-styles \" data-block-type=\"unstyled\" data-block-weight=\"29\" data-block-id=\"3\">\n<p class=\"content-text__container \" data-track-category=\"Link no Texto\" data-track-links=\"\">H\u00e1 16 feridos, segundo a Secretaria Municipal de Sa\u00fade. Tr\u00eas deles receberam alta na madrugada desta sexta-feira (19) e treze continuam internados nos hospitais Miguel Couto e Souza Aguiar.<\/p>\n<\/div>\n<div class=\"mc-column content-text active-extra-styles \" data-block-type=\"unstyled\" data-block-weight=\"33\" data-block-id=\"4\">\n<p class=\"content-text__container \" data-track-category=\"Link no Texto\" data-track-links=\"\">Quatro est\u00e3o em estado grave, sendo duas crian\u00e7as e\u00a0um turista australiano. O homem, de 68 anos, e que n\u00e3o teve a identidade informada, sofreu traumatismo craniano e respira com ajuda de aparelhos.<\/p>\n<div class=\"mc-column content-text active-extra-styles \" data-block-type=\"unstyled\" data-block-weight=\"38\" data-block-id=\"6\">\n<p class=\"content-text__container \" data-track-category=\"Link no Texto\" data-track-links=\"\">O motorista foi detido e identificado como Antonio de Almeida Anaquim, de 41 anos. Ele foi levado para a 12\u00aa DP, em Copacabana, e\u00a0disse que perdeu o controle do carro porque &#8220;apagou&#8221; ap\u00f3s sofrer um ataque epil\u00e9tico.<\/p>\n<\/div>\n<div class=\"mc-column content-text active-extra-styles \" data-block-type=\"unstyled\" data-block-weight=\"35\" data-block-id=\"7\">\n<p class=\"content-text__container \" data-track-category=\"Link no Texto\" data-track-links=\"\">De acordo com o Departamento de Tr\u00e2nsito do Estado do Rio de Janeiro (Detran-RJ),\u00a0Anaquim est\u00e1 com a carteira de habilita\u00e7\u00e3o suspensa. Ele acumula 62 pontos por infra\u00e7\u00f5es e 14 multas nos \u00faltimos 5 anos.<\/p>\n<div class=\"mc-column content-text active-extra-styles \" data-block-type=\"unstyled\" data-block-weight=\"61\" data-block-id=\"10\">\n<p class=\"content-text__container \" data-track-category=\"Link no Texto\" data-track-links=\"\">O motorista foi encaminhado para o Instituto M\u00e9dico Legal (IML) e ser\u00e1 submetido a exame para detectar a quantidade de \u00e1lcool no sangue. Segundo o produtor Leslie Leit\u00e3o, da TV Globo, havia rem\u00e9dios para epilepsia no carro.<\/p>\n<p class=\"content-text__container \" data-track-category=\"Link no Texto\" data-track-links=\"\">Anaquim estava acompanhado de uma mulher que, segundo a pol\u00edcia, confirmou em depoimento que ele sofreu um ataque epil\u00e9tico.<\/p>\n<\/div>\n<div class=\"mc-column content-text active-extra-styles \" data-block-type=\"unstyled\" data-block-weight=\"45\" data-block-id=\"11\">\n<p class=\"content-text__container \" data-track-category=\"Link no Texto\" data-track-links=\"\">Maria Louise, a beb\u00ea que morreu no atropelamento, passeava com a m\u00e3e, Niedja da Silva Ara\u00fajo, e com a av\u00f3, que mora no Recife. O pai, o motorista Darlan Rocha, foi \u00e0 Unidade de Pronto Atendimento (UPA) de Copacabana e pediu a pris\u00e3o do motorista.<\/p>\n<p data-track-category=\"Link no Texto\" data-track-links=\"\">Daris La Mar, de 40 anos, que tentou ajudar no resgate, conta que socorristas tentaram reanimar o beb\u00ea por 50 minutos: &#8220;Quando cheguei no cal\u00e7ad\u00e3o, havia muitas pessoas feridas e, quando me aproximei da m\u00e3e e do beb\u00ea, ela apenas falava: &#8216;Meu beb\u00ea! Cad\u00ea o meu beb\u00ea!!!&#8217;. A\u00ed a av\u00f3 me deu o beb\u00ea e falou: &#8216;Salva o meu beb\u00ea&#8217;. A primeira viatura que parou foi a Guarda Municipal e nos trouxe aqui&#8221;.<\/p>\n<p data-track-category=\"Link no Texto\" data-track-links=\"\">O cal\u00e7ad\u00e3o e a ciclovia, na altura da Rua Figueiredo de Magalh\u00e3es, estavam cheios no momento do atropelamento, por volta de 20h30. Testemunhas tentaram agredir o motorista ap\u00f3s o atropelamento, mas foram impedidas pela pol\u00edcia.<\/p>\n<p><a href=\"http:\/\/caririemacao.com\/1\/wp-content\/uploads\/2018\/01\/copa5.jpg\"><img fetchpriority=\"high\" decoding=\"async\" class=\"aligncenter size-full wp-image-37994\" src=\"http:\/\/caririemacao.com\/1\/wp-content\/uploads\/2018\/01\/copa5.jpg\" alt=\"\" width=\"1000\" height=\"563\" srcset=\"https:\/\/www.caririemacao.com\/1\/wp-content\/uploads\/2018\/01\/copa5.jpg 1000w, https:\/\/www.caririemacao.com\/1\/wp-content\/uploads\/2018\/01\/copa5-300x169.jpg 300w, https:\/\/www.caririemacao.com\/1\/wp-content\/uploads\/2018\/01\/copa5-768x432.jpg 768w\" sizes=\"(max-width: 1000px) 100vw, 1000px\" \/><\/a><a href=\"http:\/\/caririemacao.com\/1\/wp-content\/uploads\/2018\/01\/copa9.jpg\"><img decoding=\"async\" class=\"aligncenter size-full wp-image-37995 lazyload\" data-src=\"http:\/\/caririemacao.com\/1\/wp-content\/uploads\/2018\/01\/copa9.jpg\" alt=\"\" width=\"1600\" height=\"1067\" data-srcset=\"https:\/\/www.caririemacao.com\/1\/wp-content\/uploads\/2018\/01\/copa9.jpg 1600w, https:\/\/www.caririemacao.com\/1\/wp-content\/uploads\/2018\/01\/copa9-300x200.jpg 300w, https:\/\/www.caririemacao.com\/1\/wp-content\/uploads\/2018\/01\/copa9-768x512.jpg 768w, https:\/\/www.caririemacao.com\/1\/wp-content\/uploads\/2018\/01\/copa9-1024x683.jpg 1024w\" data-sizes=\"(max-width: 1600px) 100vw, 1600px\" src=\"data:image\/svg+xml;base64,PHN2ZyB3aWR0aD0iMSIgaGVpZ2h0PSIxIiB4bWxucz0iaHR0cDovL3d3dy53My5vcmcvMjAwMC9zdmciPjwvc3ZnPg==\" style=\"--smush-placeholder-width: 1600px; --smush-placeholder-aspect-ratio: 1600\/1067;\" \/><\/a><\/p>\n<p><strong>CARIRI EM A\u00c7\u00c3O<\/strong><\/p>\n<p><em>Com G1\/Foto: G1<\/em><\/p>\n<p><strong>Leia mais not\u00edcias em\u00a0<\/strong><a href=\"http:\/\/www.caririemacao.com\/\"><strong>caririemacao.com<\/strong><\/a><strong>, siga nossa p\u00e1gina no\u00a0<\/strong><a href=\"https:\/\/www.facebook.com\/CaririEmAcao\/?ref=aymt_homepage_panel\"><strong>Facebook<\/strong><\/a>,<strong>\u00a0<\/strong><a href=\"https:\/\/www.instagram.com\/cariri_em_acao\/?hl=pt-br\"><strong>Instagram<\/strong><\/a><strong>\u00a0e\u00a0<\/strong><a href=\"https:\/\/www.youtube.com\/channel\/UCAptA0jQuYQy8vMhLt2m4qg\"><strong>Youtube<\/strong><\/a><strong>\u00a0e veja nossas mat\u00e9rias, v\u00eddeos e fotos. Voc\u00ea tamb\u00e9m pode enviar informa\u00e7\u00f5es \u00e0 Reda\u00e7\u00e3o do Portal Cariri em A\u00e7\u00e3o pelo WhatsApp (83) 9 9634.5791, (83) 9 9601-1162.<\/strong><\/p>\n<\/div>\n<\/div>\n<\/div>\n","protected":false},"excerpt":{"rendered":"<p>Um motorista invadiu o cal\u00e7ad\u00e3o e atropelou pedestres na Praia de Copacabana, na Zona Sul do Rio, na noite desta quinta-feira (18).\u00a0Um beb\u00ea de 8&hellip; <\/p>\n","protected":false},"author":2,"featured_media":37996,"comment_status":"closed","ping_status":"closed","sticky":false,"template":"","format":"standard","meta":{"sfsi_plus_gutenberg_text_before_share":"","sfsi_plus_gutenberg_show_text_before_share":"","sfsi_plus_gutenberg_icon_type":"","sfsi_plus_gutenberg_icon_alignemt":"","sfsi_plus_gutenburg_max_per_row":"","footnotes":""},"categories":[12],"tags":[],"class_list":["post-37993","post","type-post","status-publish","format-standard","has-post-thumbnail","hentry","category-policia"],"_links":{"self":[{"href":"https:\/\/www.caririemacao.com\/1\/wp-json\/wp\/v2\/posts\/37993","targetHints":{"allow":["GET"]}}],"collection":[{"href":"https:\/\/www.caririemacao.com\/1\/wp-json\/wp\/v2\/posts"}],"about":[{"href":"https:\/\/www.caririemacao.com\/1\/wp-json\/wp\/v2\/types\/post"}],"author":[{"embeddable":true,"href":"https:\/\/www.caririemacao.com\/1\/wp-json\/wp\/v2\/users\/2"}],"replies":[{"embeddable":true,"href":"https:\/\/www.caririemacao.com\/1\/wp-json\/wp\/v2\/comments?post=37993"}],"version-history":[{"count":0,"href":"https:\/\/www.caririemacao.com\/1\/wp-json\/wp\/v2\/posts\/37993\/revisions"}],"wp:featuredmedia":[{"embeddable":true,"href":"https:\/\/www.caririemacao.com\/1\/wp-json\/wp\/v2\/media\/37996"}],"wp:attachment":[{"href":"https:\/\/www.caririemacao.com\/1\/wp-json\/wp\/v2\/media?parent=37993"}],"wp:term":[{"taxonomy":"category","embeddable":true,"href":"https:\/\/www.caririemacao.com\/1\/wp-json\/wp\/v2\/categories?post=37993"},{"taxonomy":"post_tag","embeddable":true,"href":"https:\/\/www.caririemacao.com\/1\/wp-json\/wp\/v2\/tags?post=37993"}],"curies":[{"name":"wp","href":"https:\/\/api.w.org\/{rel}","templated":true}]}}