{"id":38002,"date":"2018-01-19T06:20:43","date_gmt":"2018-01-19T09:20:43","guid":{"rendered":"http:\/\/caririemacao.com\/1\/?p=38002"},"modified":"2018-01-19T06:22:17","modified_gmt":"2018-01-19T09:22:17","slug":"governo-estuda-rever-uso-de-dinheiro-do-fgts-para-novos-emprestimos","status":"publish","type":"post","link":"https:\/\/www.caririemacao.com\/1\/2018\/01\/19\/governo-estuda-rever-uso-de-dinheiro-do-fgts-para-novos-emprestimos\/","title":{"rendered":"Governo estuda rever uso de dinheiro do FGTS para novos empr\u00e9stimos"},"content":{"rendered":"<p>O governo est\u00e1 estudando rever a medida que tinha tomado pra permitir o uso de dinheiro do Fundo de Garantia em novos empr\u00e9stimos da Caixa Econ\u00f4mica.<\/p>\n<p>O empr\u00e9stimo de R$ 15 bilh\u00f5es do Fundo de Garantia para a Caixa foi aprovado pelo Congresso e sancionado pelo presidente\u00a0Michel Temer\u00a0no dia 4 de janeiro. Dinheiro, que segundo o governo, permitiria que a Caixa ampliasse os empr\u00e9stimos para habita\u00e7\u00e3o, saneamento e infraestrutura, sem descumprir as novas regras internacionais sobre a liquidez dos bancos. Segundo a Caixa, sem esse dinheiro, teria de emprestar menos.<\/p>\n<p>Assim que o empr\u00e9stimo foi anunciado, come\u00e7aram as cr\u00edticas. Especialistas alertaram para o uso pol\u00edtico de bancos p\u00fablicos, particularmente num ano de elei\u00e7\u00f5es. A \u00e1rea econ\u00f4mica do pr\u00f3prio governo sempre resistiu \u00e0 medida. A crise na gest\u00e3o da Caixa, com o afastamento de quatro vice-presidentes por suspeita de corrup\u00e7\u00e3o e irregularidades, reacendeu a discuss\u00e3o.<\/p>\n<p>Nesta quinta-feira (18), o ministro\u00a0Henrique Meirelles, da Fazenda, disse que est\u00e3o sendo estudadas outras alternativas para capitalizar a Caixa sem usar o dinheiro dos trabalhadores. \u201cEstamos trabalhando em uma s\u00e9rie de frentes e vamos viabilizar a recapitaliza\u00e7\u00e3o da Caixa e a capacidade da Caixa deve ser preservada pra continuar, de fato, emprestando onde deve, que \u00e9 exatamente para constru\u00e7\u00e3o de mais moradias, mais resid\u00eancias pra popula\u00e7\u00e3o. Em fun\u00e7\u00e3o disso, acredito que est\u00e1 indo bem e talvez n\u00e3o seja nem necess\u00e1rio entrarmos nessa discuss\u00e3o do\u00a0FGTS\u201d, disse o ministro.<\/p>\n<p>O deputado\u00a0Miro Teixeira, da Rede, disse que a equipe econ\u00f4mica est\u00e1 certa em pensar em op\u00e7\u00f5es.\u00a0 \u201cEu temo pela administra\u00e7\u00e3o da Caixa. A Caixa merece a confian\u00e7a da popula\u00e7\u00e3o. \u00c9 a Caixa Econ\u00f4mica do Fundo de Garantia. \u00c9 a Caixa Econ\u00f4mica das loterias. \u00c9 a Caixa Econ\u00f4mica do financiamento de im\u00f3veis, de um modo geral\u201d, afirmou o deputado.<\/p>\n<p>Nesta sexta-feira (19), a Assembleia Geral da Caixa deve aprovar um novo estatuto, que vai dar ao conselho de administra\u00e7\u00e3o do banco poderes para nomear e exonerar dirigentes. Hoje, cabe ao presidente da Rep\u00fablica fazer isso.\u00a0 Mas a press\u00e3o pol\u00edtica sobre o presidente Temer vai continuar.<\/p>\n<p>O deputado Jos\u00e9 Rocha, l\u00edder do PR, um dos partidos que apoiam o governo, disse que n\u00e3o abre m\u00e3o de continuar indicando dirigentes para o banco e que vai manter a indica\u00e7\u00e3o de Deusdina dos Reis para o cargo de vice-presidente da Caixa, se ela for inocentada. Deusdina \u00e9 um dos quatro vice-presidentes afastados pelo presidente Temer. \u201cVamos aguardar o resultado das apura\u00e7\u00f5es que est\u00e3o em curso e a\u00ed o PR manter\u00e1 ela, caso ela seja isenta. E acredito que ela vai ser isenta. E n\u00f3s a\u00ed deveremos manter a indica\u00e7\u00e3o dela como vice-presidente\u201d, disse Rocha.<\/p>\n<p>O ministro da Fazenda lembrou que o fim da indica\u00e7\u00e3o pol\u00edtica est\u00e1 previsto na nova lei das estatais, aprovada pelo Congresso.<\/p>\n<p><strong>CARIRI EM A\u00c7\u00c3O<\/strong><\/p>\n<p><em>Com G1\/Foto: Reprodu\u00e7\u00e3o google<\/em><\/p>\n<p><strong>Leia mais not\u00edcias em\u00a0<\/strong><a href=\"http:\/\/www.caririemacao.com\/\"><strong>caririemacao.com<\/strong><\/a><strong>, siga nossa p\u00e1gina no\u00a0<\/strong><a href=\"https:\/\/www.facebook.com\/CaririEmAcao\/?ref=aymt_homepage_panel\"><strong>Facebook<\/strong><\/a>,<strong>\u00a0<\/strong><a href=\"https:\/\/www.instagram.com\/cariri_em_acao\/?hl=pt-br\"><strong>Instagram<\/strong><\/a><strong>\u00a0e\u00a0<\/strong><a href=\"https:\/\/www.youtube.com\/channel\/UCAptA0jQuYQy8vMhLt2m4qg\"><strong>Youtube<\/strong><\/a><strong>\u00a0e veja nossas mat\u00e9rias, v\u00eddeos e fotos. Voc\u00ea tamb\u00e9m pode enviar informa\u00e7\u00f5es \u00e0 Reda\u00e7\u00e3o do Portal Cariri em A\u00e7\u00e3o pelo WhatsApp (83) 9 9634.5791, (83) 9 9601-1162.<\/strong><\/p>\n","protected":false},"excerpt":{"rendered":"<p>O governo est\u00e1 estudando rever a medida que tinha tomado pra permitir o uso de dinheiro do Fundo de Garantia em novos empr\u00e9stimos da Caixa&hellip; <\/p>\n","protected":false},"author":2,"featured_media":11884,"comment_status":"closed","ping_status":"closed","sticky":false,"template":"","format":"standard","meta":{"sfsi_plus_gutenberg_text_before_share":"","sfsi_plus_gutenberg_show_text_before_share":"","sfsi_plus_gutenberg_icon_type":"","sfsi_plus_gutenberg_icon_alignemt":"","sfsi_plus_gutenburg_max_per_row":"","footnotes":""},"categories":[2],"tags":[],"class_list":["post-38002","post","type-post","status-publish","format-standard","has-post-thumbnail","hentry","category-geral"],"_links":{"self":[{"href":"https:\/\/www.caririemacao.com\/1\/wp-json\/wp\/v2\/posts\/38002","targetHints":{"allow":["GET"]}}],"collection":[{"href":"https:\/\/www.caririemacao.com\/1\/wp-json\/wp\/v2\/posts"}],"about":[{"href":"https:\/\/www.caririemacao.com\/1\/wp-json\/wp\/v2\/types\/post"}],"author":[{"embeddable":true,"href":"https:\/\/www.caririemacao.com\/1\/wp-json\/wp\/v2\/users\/2"}],"replies":[{"embeddable":true,"href":"https:\/\/www.caririemacao.com\/1\/wp-json\/wp\/v2\/comments?post=38002"}],"version-history":[{"count":0,"href":"https:\/\/www.caririemacao.com\/1\/wp-json\/wp\/v2\/posts\/38002\/revisions"}],"wp:featuredmedia":[{"embeddable":true,"href":"https:\/\/www.caririemacao.com\/1\/wp-json\/wp\/v2\/media\/11884"}],"wp:attachment":[{"href":"https:\/\/www.caririemacao.com\/1\/wp-json\/wp\/v2\/media?parent=38002"}],"wp:term":[{"taxonomy":"category","embeddable":true,"href":"https:\/\/www.caririemacao.com\/1\/wp-json\/wp\/v2\/categories?post=38002"},{"taxonomy":"post_tag","embeddable":true,"href":"https:\/\/www.caririemacao.com\/1\/wp-json\/wp\/v2\/tags?post=38002"}],"curies":[{"name":"wp","href":"https:\/\/api.w.org\/{rel}","templated":true}]}}