{"id":38004,"date":"2018-01-19T06:27:56","date_gmt":"2018-01-19T09:27:56","guid":{"rendered":"http:\/\/caririemacao.com\/1\/?p=38004"},"modified":"2018-01-19T06:28:47","modified_gmt":"2018-01-19T09:28:47","slug":"petrobras-anuncia-nova-politica-de-precos-para-o-gas-de-cozinha","status":"publish","type":"post","link":"https:\/\/www.caririemacao.com\/1\/2018\/01\/19\/petrobras-anuncia-nova-politica-de-precos-para-o-gas-de-cozinha\/","title":{"rendered":"Petrobras anuncia nova pol\u00edtica de pre\u00e7os para o g\u00e1s de cozinha"},"content":{"rendered":"<div class=\"materia-cabecalho\">\n<p>A\u00a0Petrobras\u00a0anunciou, nesta quinta (18) uma nova pol\u00edtica de pre\u00e7os para o g\u00e1s de cozinha. E o valor do botij\u00e3o nas refinarias caiu.<\/p>\n<\/div>\n<div id=\"materia-letra\" class=\"materia-conteudo entry-content clearfix\">\n<p>A partir desta sexta (19), as distribuidoras v\u00e3o comprar o g\u00e1s de cozinha com redu\u00e7\u00e3o de 5% no pre\u00e7o. O botij\u00e3o vai custar em m\u00e9dia nas refinarias R$ 23,16. Mas at\u00e9 chegar ao consumidor sofre aumentos ao passar pelas distribuidoras e depois revendedoras.<\/p>\n<p>A nova pol\u00edtica de pre\u00e7os pode ajudar a reduzir os custos para o consumidor em casa. Nos \u00faltimos meses o que se viu foi uma escalada de aumentos, e o pre\u00e7o m\u00e9dio do botij\u00e3o de g\u00e1s de cozinha subiu R$ 10.<\/p>\n<p>Os reajustes vinham acontecendo mensalmente. Eles v\u00e3o continuar atrelados ao mercado internacional, mas agora as mudan\u00e7as nos pre\u00e7os v\u00e3o ser a cada tr\u00eas meses.<\/p>\n<p>\u201cDistribuidores e revendedores t\u00eam completa liberdade para fixar os seus pre\u00e7os. Portanto, certamente ajuda a uma redu\u00e7\u00e3o desses pre\u00e7os por distribuidores e revendedores, mas n\u00f3s n\u00e3o podemos garantir isso\u201d, destaca Pedro Parente, presidente da Petrobras.<\/p>\n<p>Eliza Dias \u00e9 dona de uma revendedora, e diz que se pagar menos pelo botij\u00e3o, vai baixar o pre\u00e7o tamb\u00e9m para os clientes: \u201cEsperar para ver. Se vier para mim o cliente tamb\u00e9m ganha. Vai pagar mais barato tamb\u00e9m\u201d.<\/p>\n<p>De acordo com a Petrobras, na m\u00e9dia de pre\u00e7o do botij\u00e3o, 45% v\u00eam das distribuidoras e revendedoras, 16% de ICMS, 3% de PIS\/PASEP e COFINS e 36% \u00e9 a parte da Petrobras.<\/p>\n<p>Os seguidos aumentos t\u00eam feito muito consumidor mudar de h\u00e1bito. O card\u00e1pio do restaurante da Dona Em\u00edlia foi adaptado, porque ela parou de usar o forno. Maria do Socorro, foi ainda mais radical. Passou a cozinhar com fog\u00e3o a lenha.<\/p>\n<p>Em Goi\u00e2nia, tamb\u00e9m tem morador buscando alternativas nada pr\u00e1ticas: \u201cEu vou catar cavaco de pau no quintal para fazer fogo para cozinhar. Eu acho que eu mere\u00e7o uma vida melhor\u201d.<\/p>\n<p>J\u00e1 em Corumb\u00e1, os aumentos deram espa\u00e7o para os atravessadores. Eles revendem a pre\u00e7os mais baixos botij\u00f5es comprados na Bol\u00edvia. Um lote foi apreendido na fronteira.<\/p>\n<p>Para o consumidor tudo seria mais f\u00e1cil se o botij\u00e3o de g\u00e1s ficasse mais barato. \u201cBaixar o pre\u00e7o sim com certeza, mas poderia baixar mais, 5% n\u00e3o vai mudar muita coisa\u201d, diz Ellison Bispo, taxista.<\/p>\n<p>No Rio Grande do Sul, o pre\u00e7o do g\u00e1s de cozinha est\u00e1 entre os mais altos do pa\u00eds. Em Erechim, no norte do estado, custa\u00a0em m\u00e9dia R$ 84.<\/p>\n<p><strong>CARIRI EM A\u00c7\u00c3O<\/strong><\/p>\n<p><em>Com G1\/Foto: Reprodu\u00e7\u00e3o google<\/em><\/p>\n<p><strong>Leia mais not\u00edcias em\u00a0<\/strong><a href=\"http:\/\/www.caririemacao.com\/\"><strong>caririemacao.com<\/strong><\/a><strong>, siga nossa p\u00e1gina no\u00a0<\/strong><a href=\"https:\/\/www.facebook.com\/CaririEmAcao\/?ref=aymt_homepage_panel\"><strong>Facebook<\/strong><\/a>,<strong>\u00a0<\/strong><a href=\"https:\/\/www.instagram.com\/cariri_em_acao\/?hl=pt-br\"><strong>Instagram<\/strong><\/a><strong>\u00a0e\u00a0<\/strong><a href=\"https:\/\/www.youtube.com\/channel\/UCAptA0jQuYQy8vMhLt2m4qg\"><strong>Youtube<\/strong><\/a><strong>\u00a0e veja nossas mat\u00e9rias, v\u00eddeos e fotos. Voc\u00ea tamb\u00e9m pode enviar informa\u00e7\u00f5es \u00e0 Reda\u00e7\u00e3o do Portal Cariri em A\u00e7\u00e3o pelo WhatsApp (83) 9 9634.5791, (83) 9 9601-1162.<\/strong><\/p>\n<\/div>\n","protected":false},"excerpt":{"rendered":"<p>A\u00a0Petrobras\u00a0anunciou, nesta quinta (18) uma nova pol\u00edtica de pre\u00e7os para o g\u00e1s de cozinha. E o valor do botij\u00e3o nas refinarias caiu. A partir desta&hellip; <\/p>\n","protected":false},"author":2,"featured_media":27889,"comment_status":"closed","ping_status":"closed","sticky":false,"template":"","format":"standard","meta":{"sfsi_plus_gutenberg_text_before_share":"","sfsi_plus_gutenberg_show_text_before_share":"","sfsi_plus_gutenberg_icon_type":"","sfsi_plus_gutenberg_icon_alignemt":"","sfsi_plus_gutenburg_max_per_row":"","footnotes":""},"categories":[2],"tags":[],"class_list":["post-38004","post","type-post","status-publish","format-standard","has-post-thumbnail","hentry","category-geral"],"_links":{"self":[{"href":"https:\/\/www.caririemacao.com\/1\/wp-json\/wp\/v2\/posts\/38004","targetHints":{"allow":["GET"]}}],"collection":[{"href":"https:\/\/www.caririemacao.com\/1\/wp-json\/wp\/v2\/posts"}],"about":[{"href":"https:\/\/www.caririemacao.com\/1\/wp-json\/wp\/v2\/types\/post"}],"author":[{"embeddable":true,"href":"https:\/\/www.caririemacao.com\/1\/wp-json\/wp\/v2\/users\/2"}],"replies":[{"embeddable":true,"href":"https:\/\/www.caririemacao.com\/1\/wp-json\/wp\/v2\/comments?post=38004"}],"version-history":[{"count":0,"href":"https:\/\/www.caririemacao.com\/1\/wp-json\/wp\/v2\/posts\/38004\/revisions"}],"wp:featuredmedia":[{"embeddable":true,"href":"https:\/\/www.caririemacao.com\/1\/wp-json\/wp\/v2\/media\/27889"}],"wp:attachment":[{"href":"https:\/\/www.caririemacao.com\/1\/wp-json\/wp\/v2\/media?parent=38004"}],"wp:term":[{"taxonomy":"category","embeddable":true,"href":"https:\/\/www.caririemacao.com\/1\/wp-json\/wp\/v2\/categories?post=38004"},{"taxonomy":"post_tag","embeddable":true,"href":"https:\/\/www.caririemacao.com\/1\/wp-json\/wp\/v2\/tags?post=38004"}],"curies":[{"name":"wp","href":"https:\/\/api.w.org\/{rel}","templated":true}]}}