{"id":38006,"date":"2018-01-19T06:33:54","date_gmt":"2018-01-19T09:33:54","guid":{"rendered":"http:\/\/caririemacao.com\/1\/?p=38006"},"modified":"2018-01-19T06:33:54","modified_gmt":"2018-01-19T09:33:54","slug":"biometria-deve-alcancar-mais-da-metade-do-eleitorado-em-2018","status":"publish","type":"post","link":"https:\/\/www.caririemacao.com\/1\/2018\/01\/19\/biometria-deve-alcancar-mais-da-metade-do-eleitorado-em-2018\/","title":{"rendered":"Biometria deve alcan\u00e7ar mais da metade do eleitorado em 2018"},"content":{"rendered":"<div class=\"mc-column content-text active-extra-styles active-capital-letter\" data-block-type=\"unstyled\" data-block-weight=\"18\" data-block-id=\"2\">\n<p class=\"content-text__container theme-color-primary-first-letter\" data-track-category=\"Link no Texto\" data-track-links=\"\">A biometria \u2013 identifica\u00e7\u00e3o por impress\u00f5es digitais \u2013 dever\u00e1 alcan\u00e7ar em 2018 mais da metade do eleitorado brasileiro.<\/p>\n<\/div>\n<div class=\"mc-column content-text active-extra-styles \" data-block-type=\"unstyled\" data-block-weight=\"39\" data-block-id=\"3\">\n<p class=\"content-text__container \" data-track-category=\"Link no Texto\" data-track-links=\"\">A meta da Justi\u00e7a Eleitoral \u00e9 cadastrar mais 9,8 milh\u00f5es de eleitores neste ano, levando o total de cadastrados dos atuais 72,6 milh\u00f5es eleitores (49,6% do total) para 82,5 milh\u00f5es (56,5% dos 146,5 milh\u00f5es de brasileiros aptos a votar).<\/p>\n<\/div>\n<div class=\"mc-column content-text active-extra-styles \" data-block-type=\"unstyled\" data-block-weight=\"22\" data-block-id=\"4\">\n<p class=\"content-text__container \" data-track-category=\"Link no Texto\" data-track-links=\"\">O registro biom\u00e9trico come\u00e7ou a ser realizado em 2008 e tem por meta abranger a totalidade dos eleitores no Brasil em 2022.<\/p>\n<\/div>\n<div class=\"mc-column content-text active-extra-styles \" data-block-type=\"unstyled\" data-block-weight=\"29\" data-block-id=\"5\">\n<p class=\"content-text__container \" data-track-category=\"Link no Texto\" data-track-links=\"\">O objetivo do procedimento \u00e9 dar mais seguran\u00e7a para o reconhecimento individual do eleitor no momento do voto sem se basear apenas nos documentos (identidade e t\u00edtulo de eleitor).<\/p>\n<\/div>\n<div class=\"mc-column content-text active-extra-styles \" data-block-type=\"unstyled\" data-block-weight=\"25\" data-block-id=\"6\">\n<p class=\"content-text__container \" data-track-category=\"Link no Texto\" data-track-links=\"\">Em per\u00edodo recente, a Justi\u00e7a Eleitoral identificou, por exemplo, eleitores portando mais de um t\u00edtulo ou utilizando documentos de pessoas j\u00e1 falecidas para cometer fraudes.<\/p>\n<\/div>\n<div class=\"mc-column content-text active-extra-styles \" data-block-type=\"unstyled\" data-block-weight=\"21\" data-block-id=\"7\">\n<p class=\"content-text__container \" data-track-category=\"Link no Texto\" data-track-links=\"\">A inten\u00e7\u00e3o \u00e9 que, com a biometria, os dados sejam compartilhados com outros \u00f3rg\u00e3os para unificar a identifica\u00e7\u00e3o civil no pa\u00eds.<\/p>\n<\/div>\n<div class=\"mc-column content-text active-extra-styles\" data-block-type=\"raw\" data-block-weight=\"2\" data-block-id=\"8\">\n<div class=\"content-intertitle\">\n<h2>Cadastramento obrigat\u00f3rio<\/h2>\n<\/div>\n<\/div>\n<div class=\"mc-column content-text active-extra-styles \" data-block-type=\"unstyled\" data-block-weight=\"20\" data-block-id=\"9\">\n<p class=\"content-text__container \" data-track-category=\"Link no Texto\" data-track-links=\"\">Para alcan\u00e7ar a meta da biometria neste ano, a Justi\u00e7a Eleitoral selecionou 1.207 munic\u00edpios, nos quais o cadastramento \u00e9 obrigat\u00f3rio.<\/p>\n<\/div>\n<div class=\"mc-column content-text active-extra-styles \" data-block-type=\"unstyled\" data-block-weight=\"23\" data-block-id=\"10\">\n<p class=\"content-text__container \" data-track-category=\"Link no Texto\" data-track-links=\"\">Nessas cidades, quem n\u00e3o comparecer para o cadastramento ter\u00e1 o t\u00edtulo de eleitor cancelado e, com isso, ter\u00e1 de fazer um novo documento.<\/p>\n<\/div>\n<div class=\"mc-column content-text active-extra-styles \" data-block-type=\"unstyled\" data-block-weight=\"37\" data-block-id=\"11\">\n<p class=\"content-text__container \" data-track-category=\"Link no Texto\" data-track-links=\"\">Os prazos para o cadastro variam em cada munic\u00edpio \u2013 alguns j\u00e1 foram encerrados \u2013 e por isso o\u00a0eleitor deve consultar o site do TSE\u00a0para saber quando dever\u00e1 comparecer ao cart\u00f3rio para fazer o procedimento.<\/p>\n<\/div>\n<div class=\"mc-column content-text active-extra-styles\" data-block-type=\"raw\" data-block-weight=\"2\" data-block-id=\"12\">\n<div class=\"content-intertitle\">\n<h2>Documentos necess\u00e1rios<\/h2>\n<\/div>\n<\/div>\n<div class=\"mc-column content-text active-extra-styles \" data-block-type=\"unstyled\" data-block-weight=\"15\" data-block-id=\"13\">\n<p class=\"content-text__container \" data-track-category=\"Link no Texto\" data-track-links=\"\">Para fazer o cadastramento biom\u00e9trico, o eleitor deve levar ao cart\u00f3rio ou posto de atendimento:<\/p>\n<\/div>\n<div class=\"mc-column content-text active-extra-styles\" data-block-type=\"raw\" data-block-weight=\"2\" data-block-id=\"14\">\n<ul class=\"content-unordered-list\">\n<li>RG original;<\/li>\n<\/ul>\n<\/div>\n<div class=\"mc-column content-text active-extra-styles \" data-block-type=\"unstyled\" data-block-weight=\"1\" data-block-id=\"15\">\n<p class=\"content-text__container \" data-track-category=\"Link no Texto\" data-track-links=\"\">ou<\/p>\n<\/div>\n<div class=\"mc-column content-text active-extra-styles\" data-block-type=\"raw\" data-block-weight=\"74\" data-block-id=\"16\">\n<ul class=\"content-unordered-list\">\n<li>Carteira de Trabalho e Previd\u00eancia Social (CTPS); ou<\/li>\n<li>Carteira profissional emitida por \u00f3rg\u00e3o criado por lei federal (OAB, CRM, CREA, etc.); ou<\/li>\n<li>Certid\u00e3o de nascimento; ou<\/li>\n<li>Certid\u00e3o de casamento;<\/li>\n<li>Comprovante de quita\u00e7\u00e3o do servi\u00e7o militar (homens com idade entre 18 e 45 anos) para o primeiro t\u00edtulo;<\/li>\n<li>Comprovante de endere\u00e7o em nome do eleitor (conta de luz, ou conta banc\u00e1ria, ou conta de telefone, etc., desde que contenha nome e endere\u00e7o e seja recente).<\/li>\n<\/ul>\n<\/div>\n<div class=\"content-ads content-ads--reveal\" data-block-type=\"ads\" data-block-id=\"17\"><\/div>\n<div class=\"mc-column content-text active-extra-styles \" data-block-type=\"unstyled\" data-block-weight=\"17\" data-block-id=\"18\">\n<p class=\"content-text__container \" data-track-category=\"Link no Texto\" data-track-links=\"\">N\u00e3o \u00e9 aceita Carteira Nacional de Habilita\u00e7\u00e3o (CNH) para o primeiro t\u00edtulo porque n\u00e3o cont\u00e9m a nacionalidade\/naturalidade.<\/p>\n<\/div>\n<div class=\"mc-column content-text active-extra-styles \" data-block-type=\"unstyled\" data-block-weight=\"14\" data-block-id=\"19\">\n<p class=\"content-text__container \" data-track-category=\"Link no Texto\" data-track-links=\"\">O passaporte somente ser\u00e1 aceito se for o modelo que contenha tamb\u00e9m a filia\u00e7\u00e3o.<\/p>\n<\/div>\n<div class=\"mc-column content-text active-extra-styles \" data-block-type=\"unstyled\" data-block-weight=\"25\" data-block-id=\"20\">\n<p class=\"content-text__container \" data-track-category=\"Link no Texto\" data-track-links=\"\">Todo documento apresentado deve conter nome atual e sem abreviaturas (inclusive de filia\u00e7\u00e3o). Caso contr\u00e1rio, dever\u00e1 ser apresentado outro documento que contenha o nome completo.<\/p>\n<\/div>\n<div class=\"mc-column content-text active-extra-styles \" data-block-type=\"unstyled\" data-block-weight=\"21\" data-block-id=\"21\">\n<p class=\"content-text__container \" data-track-category=\"Link no Texto\" data-track-links=\"\">No momento do recadastramento, o eleitor ter\u00e1 uma amostra de sua assinatura colhida, ser\u00e1 fotografado e ter\u00e1 as impress\u00f5es digitais capturadas.<\/p>\n<\/div>\n<div class=\"mc-column content-text active-extra-styles\" data-block-type=\"raw\" data-block-weight=\"3\" data-block-id=\"22\">\n<div class=\"content-intertitle\">\n<h2>Locais para cadastramento<\/h2>\n<\/div>\n<\/div>\n<div class=\"mc-column content-text active-extra-styles \" data-block-type=\"unstyled\" data-block-weight=\"26\" data-block-id=\"23\">\n<p class=\"content-text__container \" data-track-category=\"Link no Texto\" data-track-links=\"\">Para se informar sobre agendamento, locais de cadastramento, hor\u00e1rios e demais informa\u00e7\u00f5es, o eleitor deve acessar o site do Tribunal Regional Eleitoral (TRE) de seu estado:<\/p>\n<\/div>\n<div data-track-category=\"fim do conteudo\" data-track-action=\"ultimo chunk conteudo\" data-track-noninteraction=\"false\" data-track-scroll=\"entrada completa viewport\">\n<div class=\"mc-column content-text active-extra-styles\" data-block-type=\"raw\" data-block-weight=\"44\" data-block-id=\"24\">\n<ul class=\"content-unordered-list\">\n<li>Acre<\/li>\n<li>Alagoas<\/li>\n<li>Amap\u00e1<\/li>\n<li>Amazonas<\/li>\n<li>Bahia<\/li>\n<li>Cear\u00e1<\/li>\n<li>Distrito Federal<\/li>\n<li>Esp\u00edrito Santo<\/li>\n<li>Goi\u00e1s<\/li>\n<li>Maranh\u00e3o<\/li>\n<li>Mato Grosso<\/li>\n<li>Mato Grosso do Sul<\/li>\n<li>Minas Gerais<\/li>\n<li>Par\u00e1<\/li>\n<li>Para\u00edba<\/li>\n<li>Paran\u00e1<\/li>\n<li>Pernambuco<\/li>\n<li>Piau\u00ed<\/li>\n<li>Rio de Janeiro<\/li>\n<li>Rio Grande do Norte<\/li>\n<li>Rio Grande do Sul<\/li>\n<li>Rond\u00f4nia<\/li>\n<li>Roraima<\/li>\n<li>Santa Catarina<\/li>\n<li>S\u00e3o Paulo<\/li>\n<li>Sergipe<\/li>\n<li>Tocantins<\/li>\n<\/ul>\n<p><strong>CARIRI EM A\u00c7\u00c3O<\/strong><\/p>\n<p><em>Com G1\/Foto: Reprodu\u00e7\u00e3o google<\/em><\/p>\n<p><strong>Leia mais not\u00edcias em\u00a0<\/strong><a href=\"http:\/\/www.caririemacao.com\/\"><strong>caririemacao.com<\/strong><\/a><strong>, siga nossa p\u00e1gina no\u00a0<\/strong><a href=\"https:\/\/www.facebook.com\/CaririEmAcao\/?ref=aymt_homepage_panel\"><strong>Facebook<\/strong><\/a>,<strong>\u00a0<\/strong><a href=\"https:\/\/www.instagram.com\/cariri_em_acao\/?hl=pt-br\"><strong>Instagram<\/strong><\/a><strong>\u00a0e\u00a0<\/strong><a href=\"https:\/\/www.youtube.com\/channel\/UCAptA0jQuYQy8vMhLt2m4qg\"><strong>Youtube<\/strong><\/a><strong>\u00a0e veja nossas mat\u00e9rias, v\u00eddeos e fotos. Voc\u00ea tamb\u00e9m pode enviar informa\u00e7\u00f5es \u00e0 Reda\u00e7\u00e3o do Portal Cariri em A\u00e7\u00e3o pelo WhatsApp (83) 9 9634.5791, (83) 9 9601-1162.<\/strong><\/p>\n<\/div>\n<\/div>\n","protected":false},"excerpt":{"rendered":"<p>A biometria \u2013 identifica\u00e7\u00e3o por impress\u00f5es digitais \u2013 dever\u00e1 alcan\u00e7ar em 2018 mais da metade do eleitorado brasileiro. A meta da Justi\u00e7a Eleitoral \u00e9 cadastrar&hellip; <\/p>\n","protected":false},"author":2,"featured_media":38008,"comment_status":"closed","ping_status":"closed","sticky":false,"template":"","format":"standard","meta":{"sfsi_plus_gutenberg_text_before_share":"","sfsi_plus_gutenberg_show_text_before_share":"","sfsi_plus_gutenberg_icon_type":"","sfsi_plus_gutenberg_icon_alignemt":"","sfsi_plus_gutenburg_max_per_row":"","footnotes":""},"categories":[2],"tags":[],"class_list":["post-38006","post","type-post","status-publish","format-standard","has-post-thumbnail","hentry","category-geral"],"_links":{"self":[{"href":"https:\/\/www.caririemacao.com\/1\/wp-json\/wp\/v2\/posts\/38006","targetHints":{"allow":["GET"]}}],"collection":[{"href":"https:\/\/www.caririemacao.com\/1\/wp-json\/wp\/v2\/posts"}],"about":[{"href":"https:\/\/www.caririemacao.com\/1\/wp-json\/wp\/v2\/types\/post"}],"author":[{"embeddable":true,"href":"https:\/\/www.caririemacao.com\/1\/wp-json\/wp\/v2\/users\/2"}],"replies":[{"embeddable":true,"href":"https:\/\/www.caririemacao.com\/1\/wp-json\/wp\/v2\/comments?post=38006"}],"version-history":[{"count":0,"href":"https:\/\/www.caririemacao.com\/1\/wp-json\/wp\/v2\/posts\/38006\/revisions"}],"wp:featuredmedia":[{"embeddable":true,"href":"https:\/\/www.caririemacao.com\/1\/wp-json\/wp\/v2\/media\/38008"}],"wp:attachment":[{"href":"https:\/\/www.caririemacao.com\/1\/wp-json\/wp\/v2\/media?parent=38006"}],"wp:term":[{"taxonomy":"category","embeddable":true,"href":"https:\/\/www.caririemacao.com\/1\/wp-json\/wp\/v2\/categories?post=38006"},{"taxonomy":"post_tag","embeddable":true,"href":"https:\/\/www.caririemacao.com\/1\/wp-json\/wp\/v2\/tags?post=38006"}],"curies":[{"name":"wp","href":"https:\/\/api.w.org\/{rel}","templated":true}]}}