{"id":38010,"date":"2018-01-19T06:57:23","date_gmt":"2018-01-19T09:57:23","guid":{"rendered":"http:\/\/caririemacao.com\/1\/?p=38010"},"modified":"2018-01-19T06:57:23","modified_gmt":"2018-01-19T09:57:23","slug":"senar-abre-mais-de-100-vagas-na-pb-para-curso-tecnico-gratuito","status":"publish","type":"post","link":"https:\/\/www.caririemacao.com\/1\/2018\/01\/19\/senar-abre-mais-de-100-vagas-na-pb-para-curso-tecnico-gratuito\/","title":{"rendered":"Senar abre mais de 100 vagas na PB para curso t\u00e9cnico gratuito"},"content":{"rendered":"<p class=\"m_1589266264118960690m_-8560583168611888605gmail-m_472999941445665438MsoNoSpacing\">O Servi\u00e7o Nacional de Aprendizagem Rural (Senar) est\u00e1 com inscri\u00e7\u00f5es abertas para o processo seletivo do curso T\u00e9cnico em Agroneg\u00f3cio, na modalidade semipresencial, com a oferta de 3.020 vagas. Na Para\u00edba, ser\u00e3o 120 vagas, distribu\u00eddas entre os polos de Jo\u00e3o Pessoa (40), Campina Grande (40) e Alagoa Grande (40). As inscri\u00e7\u00f5es v\u00e3o at\u00e9 o dia 9 de fevereiro pelo\u00a0site.<\/p>\n<p>Totalmente gratuito, o curso \u00e9 oferecido em parceria com os Minist\u00e9rios da Educa\u00e7\u00e3o (MEC) e da Agricultura e Pecu\u00e1ria e Abastecimento (Mapa).\u00a0<u><\/u><\/p>\n<p class=\"m_1589266264118960690m_-8560583168611888605gmail-m_472999941445665438MsoNoSpacing\">O processo de sele\u00e7\u00e3o ser\u00e1 online por meio de an\u00e1lise curricular. No ato da inscri\u00e7\u00e3o, o candidato dever\u00e1 anexar o hist\u00f3rico escolar e indicar o polo de ensino para participar das aulas presenciais.<u><\/u><u><\/u><\/p>\n<p class=\"m_1589266264118960690m_-8560583168611888605gmail-m_472999941445665438MsoNoSpacing\">Ter\u00e3o prioridade de acesso \u00e0s vagas os agentes de assist\u00eancia t\u00e9cnica e extens\u00e3o rural; agricultor familiar ou m\u00e9dio produtor e t\u00e9cnicos de assist\u00eancia t\u00e9cnica e extens\u00e3o rural. Os candidatos que n\u00e3o apresentarem documenta\u00e7\u00e3o que comprovem esse v\u00ednculo com o setor agropecu\u00e1rio v\u00e3o concorrer \u00e0s vagas como p\u00fablico geral.<u><\/u><u><\/u><\/p>\n<p class=\"m_1589266264118960690m_-8560583168611888605gmail-m_472999941445665438MsoNoSpacing\">O curso T\u00e9cnico em Agroneg\u00f3cio \u00e9 reconhecido pelo MEC e pelo Conselho Regional de Engenharia e Agronomia (CREA). Tem carga hor\u00e1ria de 1.230 horas, divididas em 80% a dist\u00e2ncia e 20% com aulas presenciais, no polo indicado pelo candidato aprovado.<u><\/u><u><\/u><\/p>\n<p class=\"m_1589266264118960690m_-8560583168611888605gmail-m_472999941445665438MsoNoSpacing\">O principal desafio do T\u00e9cnico em Agroneg\u00f3cio \u00e9 aumentar a efici\u00eancia do mercado agr\u00edcola e industrial. Por meio de t\u00e9cnicas de gest\u00e3o e de comercializa\u00e7\u00e3o, o profissional atua na execu\u00e7\u00e3o de procedimentos para planejar e auxiliar na organiza\u00e7\u00e3o e controle das atividades de gest\u00e3o do neg\u00f3cio rural.<u><\/u><u><\/u><\/p>\n<p class=\"m_1589266264118960690m_-8560583168611888605gmail-m_472999941445665438MsoNoSpacing\">Antes de efetivar a inscri\u00e7\u00e3o, os candidatos devem ler o edital atentamente, pois o sistema aceita somente uma inscri\u00e7\u00e3o por CPF.<\/p>\n<p><strong>CARIRI EM A\u00c7\u00c3O<\/strong><\/p>\n<p><em>Com Portal Correio\/Foto: Reprodu\u00e7\u00e3o google<\/em><\/p>\n<p><strong>Leia mais not\u00edcias em\u00a0<\/strong><a href=\"http:\/\/www.caririemacao.com\/\"><strong>caririemacao.com<\/strong><\/a><strong>, siga nossa p\u00e1gina no\u00a0<\/strong><a href=\"https:\/\/www.facebook.com\/CaririEmAcao\/?ref=aymt_homepage_panel\"><strong>Facebook<\/strong><\/a>,<strong>\u00a0<\/strong><a href=\"https:\/\/www.instagram.com\/cariri_em_acao\/?hl=pt-br\"><strong>Instagram<\/strong><\/a><strong>\u00a0e\u00a0<\/strong><a href=\"https:\/\/www.youtube.com\/channel\/UCAptA0jQuYQy8vMhLt2m4qg\"><strong>Youtube<\/strong><\/a><strong>\u00a0e veja nossas mat\u00e9rias, v\u00eddeos e fotos. Voc\u00ea tamb\u00e9m pode enviar informa\u00e7\u00f5es \u00e0 Reda\u00e7\u00e3o do Portal Cariri em A\u00e7\u00e3o pelo WhatsApp (83) 9 9634.5791, (83) 9 9601-1162.<\/strong><\/p>\n","protected":false},"excerpt":{"rendered":"<p>O Servi\u00e7o Nacional de Aprendizagem Rural (Senar) est\u00e1 com inscri\u00e7\u00f5es abertas para o processo seletivo do curso T\u00e9cnico em Agroneg\u00f3cio, na modalidade semipresencial, com a&hellip; <\/p>\n","protected":false},"author":2,"featured_media":27129,"comment_status":"closed","ping_status":"closed","sticky":false,"template":"","format":"standard","meta":{"sfsi_plus_gutenberg_text_before_share":"","sfsi_plus_gutenberg_show_text_before_share":"","sfsi_plus_gutenberg_icon_type":"","sfsi_plus_gutenberg_icon_alignemt":"","sfsi_plus_gutenburg_max_per_row":"","footnotes":""},"categories":[14],"tags":[],"class_list":["post-38010","post","type-post","status-publish","format-standard","has-post-thumbnail","hentry","category-educacao"],"_links":{"self":[{"href":"https:\/\/www.caririemacao.com\/1\/wp-json\/wp\/v2\/posts\/38010","targetHints":{"allow":["GET"]}}],"collection":[{"href":"https:\/\/www.caririemacao.com\/1\/wp-json\/wp\/v2\/posts"}],"about":[{"href":"https:\/\/www.caririemacao.com\/1\/wp-json\/wp\/v2\/types\/post"}],"author":[{"embeddable":true,"href":"https:\/\/www.caririemacao.com\/1\/wp-json\/wp\/v2\/users\/2"}],"replies":[{"embeddable":true,"href":"https:\/\/www.caririemacao.com\/1\/wp-json\/wp\/v2\/comments?post=38010"}],"version-history":[{"count":0,"href":"https:\/\/www.caririemacao.com\/1\/wp-json\/wp\/v2\/posts\/38010\/revisions"}],"wp:featuredmedia":[{"embeddable":true,"href":"https:\/\/www.caririemacao.com\/1\/wp-json\/wp\/v2\/media\/27129"}],"wp:attachment":[{"href":"https:\/\/www.caririemacao.com\/1\/wp-json\/wp\/v2\/media?parent=38010"}],"wp:term":[{"taxonomy":"category","embeddable":true,"href":"https:\/\/www.caririemacao.com\/1\/wp-json\/wp\/v2\/categories?post=38010"},{"taxonomy":"post_tag","embeddable":true,"href":"https:\/\/www.caririemacao.com\/1\/wp-json\/wp\/v2\/tags?post=38010"}],"curies":[{"name":"wp","href":"https:\/\/api.w.org\/{rel}","templated":true}]}}