{"id":38012,"date":"2018-01-19T07:00:59","date_gmt":"2018-01-19T10:00:59","guid":{"rendered":"http:\/\/caririemacao.com\/1\/?p=38012"},"modified":"2018-01-19T07:00:59","modified_gmt":"2018-01-19T10:00:59","slug":"programa-que-reduz-dividas-rurais-inscreve-ate-fevereiro","status":"publish","type":"post","link":"https:\/\/www.caririemacao.com\/1\/2018\/01\/19\/programa-que-reduz-dividas-rurais-inscreve-ate-fevereiro\/","title":{"rendered":"Programa que reduz d\u00edvidas rurais inscreve at\u00e9 fevereiro"},"content":{"rendered":"<p>Trabalhadores rurais paraibanos t\u00eam at\u00e9 o dia 28 de fevereiro para quitar d\u00e9bitos relativos ao Fundo de Assist\u00eancia ao Trabalhador Rural (Funrural), vencidos at\u00e9 30 de agosto 2017, e conseguir a ades\u00e3o junto ao Programa de Regulariza\u00e7\u00e3o Tribut\u00e1ria Rural (PRR) que reduz os juros a zero e ainda permite o parcelamento das d\u00edvidas.<\/p>\n<p>Conforme a nova Lei, os d\u00e9bitos de produtor rural pessoal f\u00edsica ou jur\u00eddica, poder\u00e3o ser quitados atrav\u00e9s do pagamento de, no m\u00ednimo, 2,5% do valor da d\u00edvida consolidada, sem as redu\u00e7\u00f5es, em at\u00e9 duas parcelas iguais, mensais e sucessivas.<\/p>\n<p>A liquida\u00e7\u00e3o do restante da d\u00edvida consolidada ser\u00e1 por meio de parcelamento em at\u00e9 176 presta\u00e7\u00f5es mensais e sucessivas, venc\u00edveis a partir do m\u00eas seguinte ao vencimento da segunda parcela da entrada, equivalentes a 0,8% da m\u00e9dia mensal da receita bruta proveniente da comercializa\u00e7\u00e3o de sua produ\u00e7\u00e3o rural do ano civil imediatamente anterior ao do vencimento da parcela, com redu\u00e7\u00e3o de 100% dos juros de mora.<\/p>\n<p>A lei destaca ainda que, na hip\u00f3tese de suspens\u00e3o das atividades relativas \u00e0 produ\u00e7\u00e3o rural ou de n\u00e3o auferimento de receita bruta por per\u00edodo superior a um ano, o valor da presta\u00e7\u00e3o mensal ser\u00e1 equivalente ao saldo da d\u00edvida consolidada com as redu\u00e7\u00f5es previstas, dividido pela quantidade de meses que faltarem para complementar 176.<\/p>\n<p>A parcela m\u00ednima ser\u00e1 de R$ 100 e encerrado o prazo do parcelamento, eventual res\u00edduo da d\u00edvida n\u00e3o quitada poder\u00e1 ser pago \u00e0 vista, acrescido \u00e0 \u00faltima presta\u00e7\u00e3o, ou ser parcelado em at\u00e9 70 presta\u00e7\u00f5es, mantidas as redu\u00e7\u00f5es de juros de mora.<\/p>\n<p><strong>CARIRI EM A\u00c7\u00c3O<\/strong><\/p>\n<p><em>Com Portal Correio\/Foto: Reprodu\u00e7\u00e3o google<\/em><\/p>\n<p><strong>Leia mais not\u00edcias em\u00a0<\/strong><a href=\"http:\/\/www.caririemacao.com\/\"><strong>caririemacao.com<\/strong><\/a><strong>, siga nossa p\u00e1gina no\u00a0<\/strong><a href=\"https:\/\/www.facebook.com\/CaririEmAcao\/?ref=aymt_homepage_panel\"><strong>Facebook<\/strong><\/a>,<strong>\u00a0<\/strong><a href=\"https:\/\/www.instagram.com\/cariri_em_acao\/?hl=pt-br\"><strong>Instagram<\/strong><\/a><strong>\u00a0e\u00a0<\/strong><a href=\"https:\/\/www.youtube.com\/channel\/UCAptA0jQuYQy8vMhLt2m4qg\"><strong>Youtube<\/strong><\/a><strong>\u00a0e veja nossas mat\u00e9rias, v\u00eddeos e fotos. Voc\u00ea tamb\u00e9m pode enviar informa\u00e7\u00f5es \u00e0 Reda\u00e7\u00e3o do Portal Cariri em A\u00e7\u00e3o pelo WhatsApp (83) 9 9634.5791, (83) 9 9601-1162.<\/strong><\/p>\n","protected":false},"excerpt":{"rendered":"<p>Trabalhadores rurais paraibanos t\u00eam at\u00e9 o dia 28 de fevereiro para quitar d\u00e9bitos relativos ao Fundo de Assist\u00eancia ao Trabalhador Rural (Funrural), vencidos at\u00e9 30&hellip; <\/p>\n","protected":false},"author":2,"featured_media":38013,"comment_status":"closed","ping_status":"closed","sticky":false,"template":"","format":"standard","meta":{"sfsi_plus_gutenberg_text_before_share":"","sfsi_plus_gutenberg_show_text_before_share":"","sfsi_plus_gutenberg_icon_type":"","sfsi_plus_gutenberg_icon_alignemt":"","sfsi_plus_gutenburg_max_per_row":"","footnotes":""},"categories":[2],"tags":[],"class_list":["post-38012","post","type-post","status-publish","format-standard","has-post-thumbnail","hentry","category-geral"],"_links":{"self":[{"href":"https:\/\/www.caririemacao.com\/1\/wp-json\/wp\/v2\/posts\/38012","targetHints":{"allow":["GET"]}}],"collection":[{"href":"https:\/\/www.caririemacao.com\/1\/wp-json\/wp\/v2\/posts"}],"about":[{"href":"https:\/\/www.caririemacao.com\/1\/wp-json\/wp\/v2\/types\/post"}],"author":[{"embeddable":true,"href":"https:\/\/www.caririemacao.com\/1\/wp-json\/wp\/v2\/users\/2"}],"replies":[{"embeddable":true,"href":"https:\/\/www.caririemacao.com\/1\/wp-json\/wp\/v2\/comments?post=38012"}],"version-history":[{"count":0,"href":"https:\/\/www.caririemacao.com\/1\/wp-json\/wp\/v2\/posts\/38012\/revisions"}],"wp:featuredmedia":[{"embeddable":true,"href":"https:\/\/www.caririemacao.com\/1\/wp-json\/wp\/v2\/media\/38013"}],"wp:attachment":[{"href":"https:\/\/www.caririemacao.com\/1\/wp-json\/wp\/v2\/media?parent=38012"}],"wp:term":[{"taxonomy":"category","embeddable":true,"href":"https:\/\/www.caririemacao.com\/1\/wp-json\/wp\/v2\/categories?post=38012"},{"taxonomy":"post_tag","embeddable":true,"href":"https:\/\/www.caririemacao.com\/1\/wp-json\/wp\/v2\/tags?post=38012"}],"curies":[{"name":"wp","href":"https:\/\/api.w.org\/{rel}","templated":true}]}}