{"id":38015,"date":"2018-01-19T07:16:47","date_gmt":"2018-01-19T10:16:47","guid":{"rendered":"http:\/\/caririemacao.com\/1\/?p=38015"},"modified":"2018-01-19T07:16:47","modified_gmt":"2018-01-19T10:16:47","slug":"ciclo-de-audiencias-do-orcamento-democratico-2018-comeca-no-dia-1o","status":"publish","type":"post","link":"https:\/\/www.caririemacao.com\/1\/2018\/01\/19\/ciclo-de-audiencias-do-orcamento-democratico-2018-comeca-no-dia-1o\/","title":{"rendered":"Ciclo de audi\u00eancias do Or\u00e7amento Democr\u00e1tico 2018 come\u00e7a no dia 1\u00ba"},"content":{"rendered":"<div>O governador Ricardo Coutinho anunciou oficialmente esta semana em rede social o calend\u00e1rio do ciclo de audi\u00eancias p\u00fablicas regionais do Or\u00e7amento Democr\u00e1tico Estadual \u2013 2018. As audi\u00eancias, que se iniciam no dia 1\u00ba de fevereiro, na regi\u00e3o de Itaporanga (7\u00aa Regi\u00e3o), seguem at\u00e9 o dia 24 de mar\u00e7o, encerrando em Jo\u00e3o Pessoa (1\u00aa Regi\u00e3o). Ao todo, segundo o governador, ser\u00e3o 17 grandes plen\u00e1rias, encerrando um ciclo de oito anos de participa\u00e7\u00e3o popular.<\/div>\n<div><\/div>\n<div>Este ano as audi\u00eancias acontecer\u00e3o nas cidades de Itaporanga, Cajazeiras, Sousa, Catol\u00e9 do Rocha, Pombal, Princesa Isabel, Patos, Tapero\u00e1, Sum\u00e9, Guarabira, Cuit\u00e9, Itabaiana, Esperan\u00e7a, Sol\u00e2nea, Mamanguape, Campina Grande e Jo\u00e3o Pessoa.<\/div>\n<div><\/div>\n<div>As plen\u00e1riaas ir\u00e3o oportunizar a participa\u00e7\u00e3o da popula\u00e7\u00e3o de todos os munic\u00edpios paraibanos, fomentando o di\u00e1logo com o governo, e elegendo aquelas obras e a\u00e7\u00f5es governamentais priorit\u00e1rias para cada regi\u00e3o. O Or\u00e7amento Democr\u00e1tico Estadual mais uma vez intermediar\u00e1 a voz da popula\u00e7\u00e3o com as a\u00e7\u00f5es governamentais, oportunizando e promovendo o di\u00e1logo social, com foco tamb\u00e9m na presta\u00e7\u00e3o de contas das a\u00e7\u00f5es realizadas ao longo desses oito anos de governo. O OD Estadual j\u00e1 envolveu a participa\u00e7\u00e3o de quase 200 mil pessoas.<\/div>\n<div><\/div>\n<div>Em cada audi\u00eancia a popula\u00e7\u00e3o ter\u00e1 a oportunidade de eleger at\u00e9 tr\u00eas prioridades de investimentos para a regi\u00e3o e ainda reivindicar, reclamar, elogiar e apontar a\u00e7\u00f5es que poder\u00e3o ser implantadas e\/ou reformuladas para a melhoria da qualidade e da presta\u00e7\u00e3o dos servi\u00e7os oferecidos pelo Governo do Estado em cada regi\u00e3o. Ser\u00e1 um momento de di\u00e1logo direto, aberto e democr\u00e1tico com o governador Ricardo Coutinho e equipe de governo.<\/div>\n<div><\/div>\n<div>Segundo o secret\u00e1rio executivo do Or\u00e7amento Democr\u00e1tico, Gilvanildo Pereira, todas as regi\u00f5es est\u00e3o sendo preparadas pela equipe de gerentes regionais de acompanhamento e forma\u00e7\u00e3o, al\u00e9m dos articuladores de governo e conselheiros, com a realiza\u00e7\u00e3o de reuni\u00f5es preparat\u00f3rias, mobilizando e incentivando a participa\u00e7\u00e3o para o dia da audi\u00eancia.<\/div>\n<div><\/div>\n<div>Confira o calend\u00e1rio:<\/div>\n<div><\/div>\n<div>01\/02 \u00e0s 19h \u2013 Itaporanga (Gin\u00e1sio \u201cO Madrug\u00e3o\u201d)<\/div>\n<div><\/div>\n<div>02\/02 \u00e0s 19h \u2013 Sousa (Gin\u00e1sio da UFCG \u2013 BR 230)<\/div>\n<div><\/div>\n<div>03\/02 \u00e0s 16h \u2013 Cajazeiras (Escola T\u00e9cnica Estadual)<\/div>\n<div><\/div>\n<div>05\/02 \u00e0s 19h \u2013 Catol\u00e9 do Rocha (Col\u00e9gio Normal Francisca Mendes)<\/div>\n<div><\/div>\n<div>06\/02 \u00e0s 19h \u2013 Pombal (Escola Arruda C\u00e2mara)<\/div>\n<div><\/div>\n<div>22\/02 \u00e0s 19h \u2013 Princesa Isabel (Escola Mun. Carlos Alberto)<\/div>\n<div><\/div>\n<div>23\/02 \u00e0s 19h \u2013 Patos (Gin\u00e1sio \u201cO Gel\u00e3o\u201d)<\/div>\n<div><\/div>\n<div>24\/02 \u00e0s 16h \u2013 Tapero\u00e1 (Gin\u00e1sio Estadual)<\/div>\n<div><\/div>\n<div>26\/02 \u00e0s 19h \u2013 Sum\u00e9 (Escola Prof. Jos\u00e9 G. de Queiroz)<\/div>\n<div><\/div>\n<div>27\/02 \u00e0s 19h \u2013 Guarabira (Gin\u00e1sio Jos\u00e9 Soares \u201cO Portugues\u00e3o\u201d)<\/div>\n<div><\/div>\n<div>08\/03 \u00e0s 19h \u2013 Cuit\u00e9 (Gin\u00e1sio Waldemir Alves de Lima)<\/div>\n<div><\/div>\n<div>09\/03 \u00e0s 19h \u2013 Itabaiana (Escola Dr. Antonio B. Santiago)<\/div>\n<div><\/div>\n<div>10\/03 \u00e0s 16h \u2013 Esperan\u00e7a (Gin\u00e1sio \u201cO Nin\u00e3o\u201d)<\/div>\n<div><\/div>\n<div>12\/03 \u00e0s 19h \u2013 Sol\u00e2nea (Gin\u00e1sio Adauto Pereira Silva)<\/div>\n<div><\/div>\n<div>13\/03 \u00e0s 19h \u2013 Mamanguape (Gin\u00e1sio da Escola T\u00e9cnica Estadual)<\/div>\n<div><\/div>\n<div>23\/03 \u00e0s 19h \u2013 Campina Grande (Escola Nenzinha Cunha Lima)<\/div>\n<div><\/div>\n<div>24\/03 \u00e0s 16h \u2013 Jo\u00e3o Pessoa (Clube Cabo Branco)<\/div>\n<div><\/div>\n<div>\n<p><strong>CARIRI EM A\u00c7\u00c3O<\/strong><\/p>\n<p><em>Com BBC Not\u00edcias\/Foto: Reprodu\u00e7\u00e3o google<\/em><\/p>\n<p><strong>Leia mais not\u00edcias em\u00a0<\/strong><a href=\"http:\/\/www.caririemacao.com\/\"><strong>caririemacao.com<\/strong><\/a><strong>, siga nossa p\u00e1gina no\u00a0<\/strong><a href=\"https:\/\/www.facebook.com\/CaririEmAcao\/?ref=aymt_homepage_panel\"><strong>Facebook<\/strong><\/a>,<strong>\u00a0<\/strong><a href=\"https:\/\/www.instagram.com\/cariri_em_acao\/?hl=pt-br\"><strong>Instagram<\/strong><\/a><strong>\u00a0e\u00a0<\/strong><a href=\"https:\/\/www.youtube.com\/channel\/UCAptA0jQuYQy8vMhLt2m4qg\"><strong>Youtube<\/strong><\/a><strong>\u00a0e veja nossas mat\u00e9rias, v\u00eddeos e fotos. Voc\u00ea tamb\u00e9m pode enviar informa\u00e7\u00f5es \u00e0 Reda\u00e7\u00e3o do Portal Cariri em A\u00e7\u00e3o pelo WhatsApp (83) 9 9634.5791, (83) 9 9601-1162.<\/strong><\/p>\n<\/div>\n","protected":false},"excerpt":{"rendered":"<p>O governador Ricardo Coutinho anunciou oficialmente esta semana em rede social o calend\u00e1rio do ciclo de audi\u00eancias p\u00fablicas regionais do Or\u00e7amento Democr\u00e1tico Estadual \u2013 2018.&hellip; <\/p>\n","protected":false},"author":2,"featured_media":38018,"comment_status":"closed","ping_status":"closed","sticky":false,"template":"","format":"standard","meta":{"sfsi_plus_gutenberg_text_before_share":"","sfsi_plus_gutenberg_show_text_before_share":"","sfsi_plus_gutenberg_icon_type":"","sfsi_plus_gutenberg_icon_alignemt":"","sfsi_plus_gutenburg_max_per_row":"","footnotes":""},"categories":[2],"tags":[],"class_list":["post-38015","post","type-post","status-publish","format-standard","has-post-thumbnail","hentry","category-geral"],"_links":{"self":[{"href":"https:\/\/www.caririemacao.com\/1\/wp-json\/wp\/v2\/posts\/38015","targetHints":{"allow":["GET"]}}],"collection":[{"href":"https:\/\/www.caririemacao.com\/1\/wp-json\/wp\/v2\/posts"}],"about":[{"href":"https:\/\/www.caririemacao.com\/1\/wp-json\/wp\/v2\/types\/post"}],"author":[{"embeddable":true,"href":"https:\/\/www.caririemacao.com\/1\/wp-json\/wp\/v2\/users\/2"}],"replies":[{"embeddable":true,"href":"https:\/\/www.caririemacao.com\/1\/wp-json\/wp\/v2\/comments?post=38015"}],"version-history":[{"count":0,"href":"https:\/\/www.caririemacao.com\/1\/wp-json\/wp\/v2\/posts\/38015\/revisions"}],"wp:featuredmedia":[{"embeddable":true,"href":"https:\/\/www.caririemacao.com\/1\/wp-json\/wp\/v2\/media\/38018"}],"wp:attachment":[{"href":"https:\/\/www.caririemacao.com\/1\/wp-json\/wp\/v2\/media?parent=38015"}],"wp:term":[{"taxonomy":"category","embeddable":true,"href":"https:\/\/www.caririemacao.com\/1\/wp-json\/wp\/v2\/categories?post=38015"},{"taxonomy":"post_tag","embeddable":true,"href":"https:\/\/www.caririemacao.com\/1\/wp-json\/wp\/v2\/tags?post=38015"}],"curies":[{"name":"wp","href":"https:\/\/api.w.org\/{rel}","templated":true}]}}