{"id":38022,"date":"2018-01-19T07:26:04","date_gmt":"2018-01-19T10:26:04","guid":{"rendered":"http:\/\/caririemacao.com\/1\/?p=38022"},"modified":"2018-01-19T07:26:04","modified_gmt":"2018-01-19T10:26:04","slug":"sistemas-eleitorais-sao-lacrados-e-assinados-digitalmente-no-tse","status":"publish","type":"post","link":"https:\/\/www.caririemacao.com\/1\/2018\/01\/19\/sistemas-eleitorais-sao-lacrados-e-assinados-digitalmente-no-tse\/","title":{"rendered":"Sistemas eleitorais s\u00e3o lacrados e assinados digitalmente no TSE"},"content":{"rendered":"<p>Foi encerrada, no Tribunal Superior Eleitoral (TSE), a Cerim\u00f4nia de Lacra\u00e7\u00e3o e Assinatura Digital dos Sistemas Eleitorais, iniciada nesta segunda (15), com escopo restrito ao conjunto de software do ecossistema da urna eletr\u00f4nica. Os sistemas j\u00e1 ser\u00e3o utilizados nas novas elei\u00e7\u00f5es que ocorrer\u00e3o, em 2018, nos munic\u00edpios cujos prefeitos eleitos em 2016 tiveram, por decis\u00e3o da Justi\u00e7a Eleitoral, seus registros de candidatura indeferidos ou seus mandatos cassados.<\/p>\n<p>O conjunto de sistemas lacrado foi assinado digitalmente pelo vice-presidente do TSE, ministro Luiz Fux, pelo vice-procurador-geral Eleitoral, Humberto Jacques de Medeiros, e pelo advogado Ant\u00f4nio de P\u00e1dua, representando o Conselho Federal da Ordem dos Advogados do Brasil (OAB). Depois das assinaturas digitais, os softwares foram gravados em m\u00eddias n\u00e3o regrav\u00e1veis e lacrados fisicamente. Em seguida, as m\u00eddias tamb\u00e9m receberam assinaturas e, por fim, foram armazenadas na sala-cofre do Tribunal.<\/p>\n<p>\u201cEssa lacra\u00e7\u00e3o \u00e9 precedida de uma aferi\u00e7\u00e3o do sistema eleitoral, no af\u00e3 sempre de aperfei\u00e7oarmos esse sistema, concedendo n\u00e3o s\u00f3 transpar\u00eancia, credibilidade, mas acima de tudo atendendo \u00e0s exig\u00eancias e aos reclamos da soberania popular quanto \u00e0 seguran\u00e7a jur\u00eddica que as urnas devem conferir nas elei\u00e7\u00f5es. Essa \u00e9 uma pr\u00e1tica necess\u00e1ria. A lacra\u00e7\u00e3o digital torna a urna absolutamente invulner\u00e1vel a qualquer interfer\u00eancia\u201d, destacou o ministro Luiz Fux na ocasi\u00e3o.<\/p>\n<h4>Autoria e integridade<\/h4>\n<p>O secret\u00e1rio de Tecnologia da Informa\u00e7\u00e3o do TSE, Giuseppe Janino, explicou que todos os mais de 120 sistemas utilizados no processo eleitoral brasileiro s\u00e3o desenvolvidos pela equipe de tecnologia do Tribunal. \u201cTodos esses sistemas, no final do seu desenvolvimento, s\u00e3o lacrados. Essa lacra\u00e7\u00e3o consiste basicamente num procedimento matem\u00e1tico, uma blindagem em todo o conjunto de sistemas, que garante basicamente dois atributos: a autoria [do TSE] e a integridade, isto \u00e9, que n\u00e3o houve nenhuma adultera\u00e7\u00e3o nesse programa\u201d, destacou.<\/p>\n<p>Segundo Giuseppe, as pr\u00f3prias urnas eletr\u00f4nicas, quando ligadas no dia vota\u00e7\u00e3o, verificam a assinatura digital, n\u00e3o havendo a possibilidade de um software que n\u00e3o seja de autoria do TSE ou que tenha sido adulterado funcionar na urna. \u201cH\u00e1 v\u00e1rios n\u00edveis de assinatura, dentro de um procedimento matem\u00e1tico, que garantem esses atributos de verifica\u00e7\u00e3o. N\u00f3s estamos fazendo, neste momento, a \u00faltima camada de assinaturas desta edi\u00e7\u00e3o do sistema eleitoral, que sofreu evolu\u00e7\u00e3o nos \u00faltimos dias, processo natural diante do dinamismo do sistema eleitoral brasileiro\u201d, ressaltou o secret\u00e1rio de TI.<\/p>\n<h4>Novas elei\u00e7\u00f5es<\/h4>\n<p>J\u00e1 est\u00e3o marcadas novas elei\u00e7\u00f5es em 2018 em cinco munic\u00edpios de tr\u00eas estados, que voltar\u00e3o \u00e0s urnas para eleger novos prefeitos e vice-prefeitos. No dia 4 de fevereiro, ser\u00e1 realizada nova vota\u00e7\u00e3o na cidade de Novo Aripuan\u00e3 (AM). J\u00e1 no dia 4 de mar\u00e7o, ser\u00e1 a vez dos munic\u00edpios mineiros de Ibituruna, Campo Azul e Santa Luiza e do munic\u00edpio potiguar de Para\u00fa. Os pleitos ocorrer\u00e3o das 8h \u00e0s 17h, seguindo os hor\u00e1rios locais.<\/p>\n<p>Nessas cidades, as novas vota\u00e7\u00f5es ser\u00e3o necess\u00e1rias porque os candidatos mais votados para os cargos de prefeito e vice nas Elei\u00e7\u00f5es Municipais de 2016 tiveram os registros de candidatura indeferidos ou cassados pela Justi\u00e7a Eleitoral.<\/p>\n<p>De acordo com o artigo 224 do C\u00f3digo Eleitoral, novas elei\u00e7\u00f5es devem ser realizadas sempre que houver, independentemente do n\u00famero de votos anulados e ap\u00f3s o tr\u00e2nsito em julgado, \u201cdecis\u00e3o da Justi\u00e7a Eleitoral que importe o indeferimento do registro, a cassa\u00e7\u00e3o do diploma ou a perda do mandato de candidato eleito em pleito majorit\u00e1rio\u201d.<\/p>\n<p><strong>CARIRI EM A\u00c7\u00c3O<\/strong><\/p>\n<p><em>Com\u00a0TSE \/Foto: Reprodu\u00e7\u00e3o Internet<\/em><\/p>\n<p><strong>Leia mais not\u00edcias em\u00a0<\/strong><a href=\"http:\/\/www.caririemacao.com\/\"><strong>caririemacao.com<\/strong><\/a><strong>, siga nossa p\u00e1gina no\u00a0<\/strong><a href=\"https:\/\/www.facebook.com\/CaririEmAcao\/?ref=aymt_homepage_panel\"><strong>Facebook<\/strong><\/a>,<strong>\u00a0<\/strong><a href=\"https:\/\/www.instagram.com\/cariri_em_acao\/?hl=pt-br\"><strong>Instagram<\/strong><\/a><strong>\u00a0e <\/strong><a href=\"https:\/\/www.youtube.com\/channel\/UCAptA0jQuYQy8vMhLt2m4qg\"><strong>Youtube<\/strong><\/a><strong>\u00a0e veja nossas mat\u00e9rias, v\u00eddeos e fotos. Voc\u00ea tamb\u00e9m pode enviar informa\u00e7\u00f5es \u00e0 Reda\u00e7\u00e3o do Portal Cariri em A\u00e7\u00e3o pelo WhatsApp (83) 9 9634.5791, (83) 9 9601-1162.<\/strong><\/p>\n","protected":false},"excerpt":{"rendered":"<p>Foi encerrada, no Tribunal Superior Eleitoral (TSE), a Cerim\u00f4nia de Lacra\u00e7\u00e3o e Assinatura Digital dos Sistemas Eleitorais, iniciada nesta segunda (15), com escopo restrito ao&hellip; <\/p>\n","protected":false},"author":2,"featured_media":38025,"comment_status":"closed","ping_status":"closed","sticky":false,"template":"","format":"standard","meta":{"sfsi_plus_gutenberg_text_before_share":"","sfsi_plus_gutenberg_show_text_before_share":"","sfsi_plus_gutenberg_icon_type":"","sfsi_plus_gutenberg_icon_alignemt":"","sfsi_plus_gutenburg_max_per_row":"","footnotes":""},"categories":[1],"tags":[],"class_list":["post-38022","post","type-post","status-publish","format-standard","has-post-thumbnail","hentry","category-o-site"],"_links":{"self":[{"href":"https:\/\/www.caririemacao.com\/1\/wp-json\/wp\/v2\/posts\/38022","targetHints":{"allow":["GET"]}}],"collection":[{"href":"https:\/\/www.caririemacao.com\/1\/wp-json\/wp\/v2\/posts"}],"about":[{"href":"https:\/\/www.caririemacao.com\/1\/wp-json\/wp\/v2\/types\/post"}],"author":[{"embeddable":true,"href":"https:\/\/www.caririemacao.com\/1\/wp-json\/wp\/v2\/users\/2"}],"replies":[{"embeddable":true,"href":"https:\/\/www.caririemacao.com\/1\/wp-json\/wp\/v2\/comments?post=38022"}],"version-history":[{"count":0,"href":"https:\/\/www.caririemacao.com\/1\/wp-json\/wp\/v2\/posts\/38022\/revisions"}],"wp:featuredmedia":[{"embeddable":true,"href":"https:\/\/www.caririemacao.com\/1\/wp-json\/wp\/v2\/media\/38025"}],"wp:attachment":[{"href":"https:\/\/www.caririemacao.com\/1\/wp-json\/wp\/v2\/media?parent=38022"}],"wp:term":[{"taxonomy":"category","embeddable":true,"href":"https:\/\/www.caririemacao.com\/1\/wp-json\/wp\/v2\/categories?post=38022"},{"taxonomy":"post_tag","embeddable":true,"href":"https:\/\/www.caririemacao.com\/1\/wp-json\/wp\/v2\/tags?post=38022"}],"curies":[{"name":"wp","href":"https:\/\/api.w.org\/{rel}","templated":true}]}}