{"id":38027,"date":"2018-01-19T07:28:50","date_gmt":"2018-01-19T10:28:50","guid":{"rendered":"http:\/\/caririemacao.com\/1\/?p=38027"},"modified":"2018-01-19T07:28:50","modified_gmt":"2018-01-19T10:28:50","slug":"temer-defende-reforma-da-previdencia-no-programa-silvio-santos","status":"publish","type":"post","link":"https:\/\/www.caririemacao.com\/1\/2018\/01\/19\/temer-defende-reforma-da-previdencia-no-programa-silvio-santos\/","title":{"rendered":"Temer defende reforma da Previd\u00eancia no Programa Silvio Santos"},"content":{"rendered":"<p>O presidente Michel Temer gravou, na tarde desta quinta-feira (18), uma participa\u00e7\u00e3o no programa do empres\u00e1rio e apresentador Silvio Santos. No programa, Temer defendeu a reforma da Previd\u00eancia, em mais um esfor\u00e7o pela populariza\u00e7\u00e3o da ideia e sua aprova\u00e7\u00e3o na C\u00e2mara dos Deputados. Pelo Twitter, Temer comentou sua participa\u00e7\u00e3o, reafirmando que a reforma combate privil\u00e9gios.<\/p>\n<p>\u201cFoi uma honra e uma alegria participar do programa do Silvio Santos, no SBT. Tive a oportunidade \u00fanica de explicar a import\u00e2ncia de uma reforma da Previd\u00eancia mais justa para todos e que combata os privil\u00e9gios\u201d, disse o presidente. Em seu perfil na rede social, o presidente publicou uma foto dele no palco, junto com o apresentador.<\/p>\n<p>A participa\u00e7\u00e3o de Temer no programa foi acertada na semana passada, quando os dois se encontraram em S\u00e3o Paulo. O ministro da Secretaria-Geral da Presid\u00eancia, Moreira Franco, tamb\u00e9m esteve no encontro e, via Twitter, afirmou que Temer havia conquistado \u201cum aliado de peso\u201d para a reforma da Previd\u00eancia. Ainda n\u00e3o h\u00e1 data definida para o programa com a participa\u00e7\u00e3o de Temer ir ao ar.<\/p>\n<p><strong>CARIRI EM A\u00c7\u00c3O<\/strong><\/p>\n<p><em>Com G1 \/Foto: Reprodu\u00e7\u00e3o Internet<\/em><\/p>\n<p><strong>Leia mais not\u00edcias em\u00a0<\/strong><a href=\"http:\/\/www.caririemacao.com\/\"><strong>caririemacao.com<\/strong><\/a><strong>, siga nossa p\u00e1gina no\u00a0<\/strong><a href=\"https:\/\/www.facebook.com\/CaririEmAcao\/?ref=aymt_homepage_panel\"><strong>Facebook<\/strong><\/a>,<strong>\u00a0<\/strong><a href=\"https:\/\/www.instagram.com\/cariri_em_acao\/?hl=pt-br\"><strong>Instagram<\/strong><\/a><strong>\u00a0e <\/strong><a href=\"https:\/\/www.youtube.com\/channel\/UCAptA0jQuYQy8vMhLt2m4qg\"><strong>Youtube<\/strong><\/a><strong>\u00a0e veja nossas mat\u00e9rias, v\u00eddeos e fotos. Voc\u00ea tamb\u00e9m pode enviar informa\u00e7\u00f5es \u00e0 Reda\u00e7\u00e3o do Portal Cariri em A\u00e7\u00e3o pelo WhatsApp (83) 9 9634.5791, (83) 9 9601-1162.<\/strong><\/p>\n","protected":false},"excerpt":{"rendered":"<p>O presidente Michel Temer gravou, na tarde desta quinta-feira (18), uma participa\u00e7\u00e3o no programa do empres\u00e1rio e apresentador Silvio Santos. No programa, Temer defendeu a&hellip; <\/p>\n","protected":false},"author":2,"featured_media":37739,"comment_status":"closed","ping_status":"closed","sticky":false,"template":"","format":"standard","meta":{"sfsi_plus_gutenberg_text_before_share":"","sfsi_plus_gutenberg_show_text_before_share":"","sfsi_plus_gutenberg_icon_type":"","sfsi_plus_gutenberg_icon_alignemt":"","sfsi_plus_gutenburg_max_per_row":"","footnotes":""},"categories":[11],"tags":[],"class_list":["post-38027","post","type-post","status-publish","format-standard","has-post-thumbnail","hentry","category-politica"],"_links":{"self":[{"href":"https:\/\/www.caririemacao.com\/1\/wp-json\/wp\/v2\/posts\/38027","targetHints":{"allow":["GET"]}}],"collection":[{"href":"https:\/\/www.caririemacao.com\/1\/wp-json\/wp\/v2\/posts"}],"about":[{"href":"https:\/\/www.caririemacao.com\/1\/wp-json\/wp\/v2\/types\/post"}],"author":[{"embeddable":true,"href":"https:\/\/www.caririemacao.com\/1\/wp-json\/wp\/v2\/users\/2"}],"replies":[{"embeddable":true,"href":"https:\/\/www.caririemacao.com\/1\/wp-json\/wp\/v2\/comments?post=38027"}],"version-history":[{"count":0,"href":"https:\/\/www.caririemacao.com\/1\/wp-json\/wp\/v2\/posts\/38027\/revisions"}],"wp:featuredmedia":[{"embeddable":true,"href":"https:\/\/www.caririemacao.com\/1\/wp-json\/wp\/v2\/media\/37739"}],"wp:attachment":[{"href":"https:\/\/www.caririemacao.com\/1\/wp-json\/wp\/v2\/media?parent=38027"}],"wp:term":[{"taxonomy":"category","embeddable":true,"href":"https:\/\/www.caririemacao.com\/1\/wp-json\/wp\/v2\/categories?post=38027"},{"taxonomy":"post_tag","embeddable":true,"href":"https:\/\/www.caririemacao.com\/1\/wp-json\/wp\/v2\/tags?post=38027"}],"curies":[{"name":"wp","href":"https:\/\/api.w.org\/{rel}","templated":true}]}}