{"id":38031,"date":"2018-01-19T07:39:02","date_gmt":"2018-01-19T10:39:02","guid":{"rendered":"http:\/\/caririemacao.com\/1\/?p=38031"},"modified":"2018-01-19T07:39:02","modified_gmt":"2018-01-19T10:39:02","slug":"inss-vai-realizar-um-milhao-de-pericias-em-beneficiarios-que-estao-sem-avaliacao","status":"publish","type":"post","link":"https:\/\/www.caririemacao.com\/1\/2018\/01\/19\/inss-vai-realizar-um-milhao-de-pericias-em-beneficiarios-que-estao-sem-avaliacao\/","title":{"rendered":"INSS vai realizar um milh\u00e3o de per\u00edcias em benefici\u00e1rios que est\u00e3o sem avalia\u00e7\u00e3o"},"content":{"rendered":"<p>At\u00e9 o final do ano o Governo Federal pretende revisar benef\u00edcios previdenci\u00e1rios em que os titulares est\u00e3o h\u00e1 mais de dois anos sem passar por avalia\u00e7\u00e3o. A estimativa \u00e9 de que mais de um milh\u00e3o de per\u00edcias sejam feitas pelo Instituto neste ano e, para isso, \u00e9 preciso que peritos realizem quatro per\u00edcias por dia, al\u00e9m de participar de mutir\u00f5es de atendimento, caso seja necess\u00e1rio.<\/p>\n<p>O objetivo, segundo o Minist\u00e9rio \u00e9 ter maior controle sobre os benef\u00edcios concedidos. As a\u00e7\u00f5es do INSS j\u00e1 concentravam esfor\u00e7os nas revis\u00f5es de aux\u00edlios-doen\u00e7a e nas aposentadorias por invalidez desde outubro de 2016. Para esta nova etapa, os peritos que quiserem participar do Programa poder\u00e3o se inscrever at\u00e9 o dia 14 de fevereiro deste ano, apesar de n\u00e3o serem obrigados. Revis\u00e3o a cada dois anos.<\/p>\n<p>No caso da aposentadoria por invalidez, quem tem menos de 60 anos de idade e n\u00e3o passa por per\u00edcia h\u00e1 dois anos ou mais, deve passar pela revis\u00e3o. J\u00e1 quem tem mais de 60 anos de idade ou tem 55 anos, mas recebe o benef\u00edcio h\u00e1 pelo menos 15, n\u00e3o vai ter o benef\u00edcio reavaliado. O benefici\u00e1rio inclu\u00eddo na opera\u00e7\u00e3o \u00e9 convocado por meio de uma carta. Ap\u00f3s ser notificada, a pessoa tem at\u00e9 cinco dias \u00fateis para atender a convoca\u00e7\u00e3o.<\/p>\n<p><strong>CARIRI EM A\u00c7\u00c3O<\/strong><\/p>\n<p><em>Com Jornal\u00a0da Para\u00edba\u00a0\u00a0\/Foto: Reprodu\u00e7\u00e3o Internet<\/em><\/p>\n<p><strong>Leia mais not\u00edcias em\u00a0<\/strong><a href=\"http:\/\/www.caririemacao.com\/\"><strong>caririemacao.com<\/strong><\/a><strong>, siga nossa p\u00e1gina no\u00a0<\/strong><a href=\"https:\/\/www.facebook.com\/CaririEmAcao\/?ref=aymt_homepage_panel\"><strong>Facebook<\/strong><\/a>,<strong>\u00a0<\/strong><a href=\"https:\/\/www.instagram.com\/cariri_em_acao\/?hl=pt-br\"><strong>Instagram<\/strong><\/a><strong>\u00a0e <\/strong><a href=\"https:\/\/www.youtube.com\/channel\/UCAptA0jQuYQy8vMhLt2m4qg\"><strong>Youtube<\/strong><\/a><strong>\u00a0e veja nossas mat\u00e9rias, v\u00eddeos e fotos. Voc\u00ea tamb\u00e9m pode enviar informa\u00e7\u00f5es \u00e0 Reda\u00e7\u00e3o do Portal Cariri em A\u00e7\u00e3o pelo WhatsApp (83) 9 9634.5791, (83) 9 9601-1162.<\/strong><\/p>\n","protected":false},"excerpt":{"rendered":"<p>At\u00e9 o final do ano o Governo Federal pretende revisar benef\u00edcios previdenci\u00e1rios em que os titulares est\u00e3o h\u00e1 mais de dois anos sem passar por&hellip; <\/p>\n","protected":false},"author":2,"featured_media":38032,"comment_status":"closed","ping_status":"closed","sticky":false,"template":"","format":"standard","meta":{"sfsi_plus_gutenberg_text_before_share":"","sfsi_plus_gutenberg_show_text_before_share":"","sfsi_plus_gutenberg_icon_type":"","sfsi_plus_gutenberg_icon_alignemt":"","sfsi_plus_gutenburg_max_per_row":"","footnotes":""},"categories":[2],"tags":[],"class_list":["post-38031","post","type-post","status-publish","format-standard","has-post-thumbnail","hentry","category-geral"],"_links":{"self":[{"href":"https:\/\/www.caririemacao.com\/1\/wp-json\/wp\/v2\/posts\/38031","targetHints":{"allow":["GET"]}}],"collection":[{"href":"https:\/\/www.caririemacao.com\/1\/wp-json\/wp\/v2\/posts"}],"about":[{"href":"https:\/\/www.caririemacao.com\/1\/wp-json\/wp\/v2\/types\/post"}],"author":[{"embeddable":true,"href":"https:\/\/www.caririemacao.com\/1\/wp-json\/wp\/v2\/users\/2"}],"replies":[{"embeddable":true,"href":"https:\/\/www.caririemacao.com\/1\/wp-json\/wp\/v2\/comments?post=38031"}],"version-history":[{"count":0,"href":"https:\/\/www.caririemacao.com\/1\/wp-json\/wp\/v2\/posts\/38031\/revisions"}],"wp:featuredmedia":[{"embeddable":true,"href":"https:\/\/www.caririemacao.com\/1\/wp-json\/wp\/v2\/media\/38032"}],"wp:attachment":[{"href":"https:\/\/www.caririemacao.com\/1\/wp-json\/wp\/v2\/media?parent=38031"}],"wp:term":[{"taxonomy":"category","embeddable":true,"href":"https:\/\/www.caririemacao.com\/1\/wp-json\/wp\/v2\/categories?post=38031"},{"taxonomy":"post_tag","embeddable":true,"href":"https:\/\/www.caririemacao.com\/1\/wp-json\/wp\/v2\/tags?post=38031"}],"curies":[{"name":"wp","href":"https:\/\/api.w.org\/{rel}","templated":true}]}}