{"id":38034,"date":"2018-01-19T07:45:27","date_gmt":"2018-01-19T10:45:27","guid":{"rendered":"http:\/\/caririemacao.com\/1\/?p=38034"},"modified":"2018-01-19T07:46:16","modified_gmt":"2018-01-19T10:46:16","slug":"temer-responde-as-50-perguntas-da-pf-nega-acusacoes-e-critica-agressividade-da-policia","status":"publish","type":"post","link":"https:\/\/www.caririemacao.com\/1\/2018\/01\/19\/temer-responde-as-50-perguntas-da-pf-nega-acusacoes-e-critica-agressividade-da-policia\/","title":{"rendered":"Temer responde \u00e0s 50 perguntas da PF, nega acusa\u00e7\u00f5es e critica agressividade da Pol\u00edcia"},"content":{"rendered":"<p>A defesa do presidente\u00a0<strong>Michel Temer<\/strong>\u00a0protocolou nesta quinta-feira as respostas para as 50 perguntas feitas pela Pol\u00edcia Federal no inqu\u00e9rito em que ele \u00e9 alvo no Supremo Tribunal Federal sobre o Decreto dos Portos. A investiga\u00e7\u00e3o apura se o decreto assinado pelo peemedebista em maio do ano passado favoreceu a empresa do setor portu\u00e1rio\u00a0<strong>Rodrimar<\/strong>, sediada em Santos, e se Temer recebeu alguma esp\u00e9cie de benef\u00edcio para ajudar a companhia.<\/p>\n<div id=\"pub-in-text\" class=\"outstream clearfix\">\u00a0O presidente negou as acusa\u00e7\u00f5es e afirmou que nunca solicitou que Rodrigo Rocha Loures recebesse recursos de campanha ou de qualquer outra origem em nome dele. E tamb\u00e9m classificou os questionamentos da Pol\u00edcia Federal de agressivos. Segundo o presidente, algumas perguntas colocam em d\u00favida sua \u201chonorabilidade e dignidade pessoal\u201d.<\/div>\n<p>Em 2017, o presidente foi alvo de duas den\u00fancias da Procuradoria-Geral da Rep\u00fablica, uma sob acusa\u00e7\u00e3o de recebimento de propina da JBS e outra por organiza\u00e7\u00e3o criminosa. No entanto, as duas den\u00fancias foram barradas na C\u00e2mara dos Deputados.<\/p>\n<p>Leia a \u00edntegra das respostas \u00e0s 50 perguntas da Pol\u00edcia Federal para Michel Temer:<\/p>\n<p><strong>Hist\u00f3rico profissional<\/strong><\/p>\n<p><strong>1.\u00a0<\/strong>Quem foi coordenador financeiro ou arrecadador de recursos nas campanhas eleitorais que Vossa Excel\u00eancia disputou nos anos de 2002\/2006\/2010 e 2014? Vossa Excel\u00eancia tamb\u00e9m executava essas fun\u00e7\u00f5es em suas campanhas eleitorais?<\/p>\n<p><strong>2.<\/strong>\u00a0Vossa Excel\u00eancia tinha conhecimento pr\u00e9vio dos valores recebidos em doa\u00e7\u00f5es eleitorais, nas campanhas de 2002\/2006\/2010 e 2014? Se sim, quais os principais doadores nas campanhas eleitorais de Vossa Excel\u00eancia? Vossa Excel\u00eancia possui algum v\u00ednculo com setor econ\u00f4mico espec\u00edfico, respons\u00e1vel pelo custeio de suas campanhas, por meio de doa\u00e7\u00f5es eleitorais (por exemplo: setor el\u00e9trico, agr\u00e1rio, servidores p\u00fablicos etc.)?<\/p>\n<p><strong>3.<\/strong>\u00a0Nas campanhas eleitorais de 2002\/2006\/2010 e 2014 Vossa Excel\u00eancia recebeu recursos em doa\u00e7\u00f5es de empresas do setor portu\u00e1rio? Quais empresas e qual total de valores doados?<\/p>\n<p><strong>Resposta de 1 a 3:<\/strong>\u00a0Todas as informa\u00e7\u00f5es pedidas constam das presta\u00e7\u00f5es de contas feitas Justi\u00e7a Eleitoral.<\/p>\n<p><strong>4.<\/strong>\u00a0Vossa Excel\u00eancia j\u00e1 recebeu doa\u00e7\u00f5es de empresas do grupo Rodrimar ou seus s\u00f3cios, de forma oficial ou mesmo n\u00e3o contabilizadas, conhecidas como caixa dois eleitoral? Se sim, explicitar as circunst\u00e2ncias e valores.<\/p>\n<p><strong>Resposta:\u00a0<\/strong>Nunca recebi doa\u00e7\u00f5es de empresas do Grupo Rodrimar ou de seus s\u00f3cios para as minhas campanhas eleitorais.<\/p>\n<p><strong>5<\/strong>\u00a0Tem conhecimento de uso de recursos n\u00e3o contabilizados, conhecidos como caixa dois eleitoral, em suas campanhas? Se sim, explicar as circunst\u00e2ncias e motivos.<\/p>\n<p><strong>Resposta<\/strong>: Nunca me utilizei de recursos n\u00e3o contabilizados em minhas campanhas. Todos os valores recebidos em raz\u00e3o das minhas disputas eleitorais foram devidamente escriturados e informados \u00e0 Receita Federal e \u00e0 Justi\u00e7a Eleitoral.<\/p>\n<p><strong>Do conhecimento e rela\u00e7\u00e3o com os investigados<\/strong><\/p>\n<p><strong>6.<\/strong>\u00a0Vossa Excel\u00eancia conhece Edgar Safdie? Se sim, qual a rela\u00e7\u00e3o de Vossa Excel\u00eancia com ele? J\u00e1 realizaram transa\u00e7\u00f5es comerciais ou qualquer outra que envolva transfer\u00eancia de recursos? Se sim, explicitar circunst\u00e2ncias.<\/p>\n<p><strong>Resposta<\/strong>: N\u00e3o conhe\u00e7o o Sr. Edgar Safdie.<\/p>\n<p><strong>7.<\/strong>\u00a0Vossa Excel\u00eancia conhece Ricardo Conrado Mesquita, diretor do grupo Rodrimar? Se sim, qual rela\u00e7\u00e3o de Vossa Excel\u00eancia com ele? J\u00e1 se encontrou com ele para tratar de concess\u00f5es de terminais portu\u00e1rios para o grupo Rodrimar? Quando? Qual orienta\u00e7\u00e3o foi repassada por Vossa Excel\u00eancia?<\/p>\n<p><strong>Resposta<\/strong>: N\u00e3o conhe\u00e7o o Sr. Ricardo Conrado Mesquita.<\/p>\n<p><strong>8<\/strong>. Vossa Excel\u00eancia conhece Ant\u00f4nio Celso Grecco, presidente do grupo Rodrimar? Se sim, qual rela\u00e7\u00e3o de Vossa Excel\u00eancia com ele? J\u00e1 se encontrou com ele para tratar de concess\u00f5es de terminais portu\u00e1rios para o grupo Rodrimar? Quando? Qual orienta\u00e7\u00e3o foi repassada por Vossa Excel\u00eancia?<\/p>\n<p><strong>Resposta:<\/strong>\u00a0Estive com ele, rapidamente, em duas ou tr\u00eas oportunidades, sendo que jamais tratei de concess\u00f5es para o setor portu\u00e1rio.<\/p>\n<p><strong>9.<\/strong>\u00a0J\u00e1 se encontrou com Ant\u00f4nio Celso Grecco fora do ambiente de trabalho da Presid\u00eancia ou da Vice-Presid\u00eancia da Rep\u00fablica? Quando? Em que circunst\u00e2ncias? Conversaram sobre concess\u00f5es de terminais para empresas do setor portu\u00e1rio? Ele fez algum pedido para Vossa Excel\u00eancia, na defesa dos interesses do grupo Rodrimar? Se sim, detalhar.<\/p>\n<p><strong>Resposta<\/strong>: Encontrei-me com Sr. Antonio Celso Grecco em uma festa de anivers\u00e1rio de um amigo comum. Nenhum pedido me foi formulado por ele, nem nesta nem em ocasi\u00e3o nenhuma.<\/p>\n<p><strong>10.<\/strong>\u00a0Qual a rela\u00e7\u00e3o de Vossa Excel\u00eancia com Jos\u00e9 Yunes? Durante quanto tempo ele trabalhou com Vossa Excel\u00eancia? Quais fun\u00e7\u00f5es Jos\u00e9 Yunes exerceu? Vossa Excel\u00eancia considera Jos\u00e9 Yunes pessoa de sua confian\u00e7a? Ele trabalhou nas campanhas eleitorais de Vossa Excel\u00eancia? Jos\u00e9 Yunes j\u00e1 atuou como arrecadador de campanha para Vossa Excel\u00eancia?<\/p>\n<p><strong>Resposta:<\/strong>\u00a0Sou amigo e conhe\u00e7o Dr. Jos\u00e9 Yunes h\u00e1 mais de cinquenta anos, quando \u00e9ramos estudantes de direito do Largo de S\u00e3o Francisco. Durante alguns meses, Dr. Jos\u00e9 Yunes foi meu assessor na Presid\u00eancia da Rep\u00fablica, exercendo fun\u00e7\u00f5es pr\u00f3prias da respectiva assessoria. A longa amizade criou um grau de confian\u00e7a entre n\u00f3s, de maneira que Dr. Jos\u00e9 Yunes me auxiliou em campanhas eleitorais, mas nunca atuou como arrecadador de recursos.<\/p>\n<p><strong>11.<\/strong>\u00a0Vossa Excel\u00eancia teve conhecimento sobre o caso no qual L\u00facio Funaro mandou entregar recursos financeiros para Jos\u00e9 Yunes? Se sim, Jos\u00e9 Yunes foi orientado por Vossa Excel\u00eancia para recebimento de tais valores? Qual a origem destes recursos entregues por L\u00facio Funaro? Os valores foram utilizados por Vossa Excel\u00eancia? Se sim, qual a destina\u00e7\u00e3o dada a estes valores?<\/p>\n<p><strong>Resposta<\/strong>: Tomei conhecimento destes fatos por meio da imprensa e,posteriormente, por interm\u00e9dio do pr\u00f3prio Dr. Jos\u00e9 Yunes, que enfaticamente negou os mesmos fatos.<\/p>\n<p><strong>12<\/strong>. J\u00e1 realizou neg\u00f3cios comerciais ou qualquer outro ato que envolvesse a transfer\u00eancia de recursos financeiros para Jos\u00e9 Yunes? Se sim, explicitar circunst\u00e2ncias, inclusive natureza de tais neg\u00f3cios, datas e valores envolvidos.<\/p>\n<p><strong>Resposta:\u00a0<\/strong>Como Dr. Jos\u00e9 Yunes, durante algum tempo, al\u00e9m de advogado, dedicou-se ao ramo imobili\u00e1rio de constru\u00e7\u00f5es, realizei alguns poucos neg\u00f3cios nesta \u00e1rea por seu interm\u00e9dio. Embora responda \u00e0 pergunta, pe\u00e7o v\u00eania para real\u00e7ar sua absoluta impertin\u00eancia em face do objeto do inqu\u00e9rito.<\/p>\n<p><strong>13.<\/strong>\u00a0Qual a rela\u00e7\u00e3o de Vossa Excel\u00eancia com Jo\u00e3o Baptista Lima Filho, conhecido como Coronel Lima? J\u00e1 trabalharam juntos ou ele j\u00e1 trabalhou para Vossa Excel\u00eancia? Se sim, explicitar circunst\u00e2ncias e per\u00edodos. Jo\u00e3o Baptista Lima Filho j\u00e1 trabalhou em campanhas eleitorais disputadas por Vossa Excel\u00eancia? Se sim, qual fun\u00e7\u00e3o? Jo\u00e3o Baptista Lima Filho atuou como arrecadador de campanha para Vossa Excel\u00eancia?<\/p>\n<p><strong>Resposta<\/strong>: Conhe\u00e7o Sr. Jo\u00e3o Batista Lima Filho desde a \u00e9poca de minha primeira gest\u00e3o como Secret\u00e1rio de Seguran\u00e7a P\u00fablica do Estado de S\u00e3o Paulo, em 1984, oportunidade em que Sr. Jo\u00e3o Batista foi meu assessor militar. O Sr. Jo\u00e3o Batista me auxiliou em campanhas eleitorais, mas nunca atuou como arrecadador de recursos.<\/p>\n<p><strong>14<\/strong>. Vossa Excel\u00eancia j\u00e1 realizou neg\u00f3cios comerciais ou de qualquer outra natureza que envolvesse a transfer\u00eancia de recursos financeiros com Jo\u00e3o Baptista Lima Filho? Se sim, explicitar circunst\u00e2ncias, natureza das transa\u00e7\u00f5es, datas e valores.<\/p>\n<p><strong>Resposta:<\/strong>\u00a0Nunca realizei neg\u00f3cios comerciais ou de qualquer outra natureza que envolvesse a transfer\u00eancia de recursos financeiros para o Sr. Jo\u00e3o Batista Lima Filho.<\/p>\n<p><strong>15.\u00a0<\/strong>Qual a rela\u00e7\u00e3o de Vossa Excel\u00eancia com Rodrigo da Rocha Loures? Durante quanto tempo ele trabalhou com Vossa Excel\u00eancia e quais fun\u00e7\u00f5es foram exercidas por Rocha Loures neste per\u00edodo? Rocha Loures trabalhou nas campanhas eleitorais disputadas por Vossa Excel\u00eancia? Se sim, quais fun\u00e7\u00f5es desempenhadas por Rocha Loures? Rocha Loures atuou como arrecadador de campanha em alguma campanha disputada por Vossa Excel\u00eancia?<\/p>\n<p><strong>Resposta:<\/strong>\u00a0Conheci o Sr. Rodrigo Rocha Loures como Deputado. Posteriormente, ele foi meu assessor parlamentar na Vice-Presid\u00eancia na Presid\u00eancia da Rep\u00fablica, exercendo fun\u00e7\u00f5es pr\u00f3prias da respectiva assessoria. Sr. Rodrigo nunca atuou como arrecadador de recursos em minhas campanhas eleitorais.<\/p>\n<p><strong>16.<\/strong>\u00a0J\u00e1 solicitou que Rocha Loures recebesse recursos de campanha ou de qualquer outra origem em nome de Vossa Excel\u00eancia? Explicitar as circunst\u00e2ncias e valores envolvidos.<\/p>\n<p><strong>Resposta<\/strong>: Nunca solicitei que o Sr. Rodrigo Rocha Loures recebesse recursos de campanha ou de qualquer outra origem em meu nome.<\/p>\n<p><strong>17.<\/strong>\u00a0Solicitou que Rocha Loures recebesse recursos de executivos do grupo JBS, destinados a Vossa Excel\u00eancia? Se sim, justificar e explicitar os motivos, inclusive origem destes recursos e sua finalidade.<\/p>\n<p><strong>Resposta<\/strong>: Nunca solicitei que o Sr. Rodrigo Rocha Loures recebesse recursos de executivos do Grupo JBS em meu nome. Nenhuma raz\u00e3o haveria para tanto.<\/p>\n<p><strong>18.<\/strong>\u00a0Qual a rela\u00e7\u00e3o de Vossa Excel\u00eancia com Marcelo de Azeredo? Desde quando Vossa Excel\u00eancia o conhece? Participou da indica\u00e7\u00e3o de Marcelo de Azeredo para cargo de dire\u00e7\u00e3o na Companhia Docas do Estado de S\u00e3o Paulo \u2013 Codesp? J\u00e1 pediu para Marcelo de Azeredo intermediar assunto ou interesse de alguma empresa do setor portu\u00e1rio, em Santos\/SP? Se sim, detalhar tais fatos.<\/p>\n<p><strong>Resposta:<\/strong>\u00a0O Sr. Marcelo de Azeredo foi nomeado diretor da CODESP pelo Presidente Fernando Henrique Cardoso, ap\u00f3s consulta do PMDB de S\u00e3o Paulo ao tempo em que liderei bancada. Jamais solicitei que intermediasse interesse de qualquer esp\u00e9cie.<\/p>\n<p><strong>19.\u00a0<\/strong>Vossa Excel\u00eancia tem conhecimento do envolvimento de Marcelo de Azeredo em atos de corrup\u00e7\u00e3o ou outros crimes, durante sua gest\u00e3o na Codesp? Vossa Excel\u00eancia foi citado como envolvido nestes fatos? Se sim, o que Vossa Excel\u00eancia tem a esclarecer sobre tais den\u00fancias?<\/p>\n<p><strong>Resposta:<\/strong>\u00a0N\u00e3o tenho conhecimento do envolvimento do Sr. Marcelo de Azeredo em nenhum ato criminoso. Sei que em uma a\u00e7\u00e3o, salvo engano de reconhecimento de uni\u00e3o est\u00e1vel, foi alvo de acusa\u00e7\u00f5es por parte da autora da mesma a\u00e7\u00e3o que, segundo fui informado, terminou em acordo entre as partes. Lembro-me que na inicial dessa demanda foram feitas afirma\u00e7\u00f5es desairosas a meu respeito. Este fato levou-me a adotar medida judicial que resultou na retrata\u00e7\u00e3o da ofensora. N\u00e3o me recordo de maiores detalhes, pois transcorreram trinta ou mais anos.<\/p>\n<p><strong>Do acompanhamento da quest\u00e3o sobre concess\u00f5es de terminais portu\u00e1rios, a partir de 2013<\/strong><\/p>\n<p><strong>20.<\/strong>\u00a0Qual a rela\u00e7\u00e3o de Vossa Excel\u00eancia com o setor portu\u00e1rio e empresas concession\u00e1rias de terminais portu\u00e1rios no Estado de S\u00e3o Paulo? Diversos meios de comunica\u00e7\u00e3o fazem refer\u00eancia a Vossa Excel\u00eancia como tendo v\u00ednculos com o setor portu\u00e1rio de Santos\/SP. O senhor confirma esta rela\u00e7\u00e3o? Como ela se iniciou?<\/p>\n<p><strong>Resposta:<\/strong>\u00a0Na condi\u00e7\u00e3o de Vice-Presidente de Presidente da Rep\u00fablica eu recebia e dialogava com representantes dos in\u00fameros segmentos sociais e empresariais do Pa\u00eds, inclusive do setor portu\u00e1rio<em>.<\/em><\/p>\n<p><strong>21.\u00a0<\/strong>Como a quest\u00e3o das concession\u00e1rias de terminais portu\u00e1rios chegou at\u00e9 a Vice-Presid\u00eancia, em 2013? Por que os empres\u00e1rios procuram a Vice-Presid\u00eancia, na \u00e9poca ocupada por Vossa Excel\u00eancia? Os empres\u00e1rios procuraram diretamente Vossa Excel\u00eancia ou foram levados por algum parlamentar para audi\u00eancia, em 2013?<\/p>\n<p><strong>Resposta:\u00a0<\/strong>A quest\u00e3o dos portos, tal como tantas outras, chegou ao meu conhecimento por interm\u00e9dio de membros do pr\u00f3prio governo de parlamentares. N\u00e3o tenho e jamais tive nenhuma rela\u00e7\u00e3o com o setor portu\u00e1rio entre as diversas que mantive como parlamentar e Vice-Presidente Presidente da Rep\u00fablica com os setores empresariais.<\/p>\n<p><strong>22.<\/strong>\u00a0Em 2013, quais empres\u00e1rios do setor portu\u00e1rio procuraram Vossa Excel\u00eancia e quais empresas representavam? Quais as demandas que os empres\u00e1rios tinham naquela ocasi\u00e3o, em 2013? As demandas trazidas pelos empres\u00e1rios foram solucionadas? Se sim, qual a solu\u00e7\u00e3o proposta por Vossa Excel\u00eancia?<\/p>\n<p><strong>Resposta<\/strong>: A resposta da quest\u00e3o anterior se aplica \u00e0 presente.<\/p>\n<p><strong>V\u00ednculos e confian\u00e7a em rela\u00e7\u00e3o aos atos praticados por Rodrigo Rocha Loures<\/strong><\/p>\n<p><strong>23.<\/strong>\u00a0Foi Vossa Excel\u00eancia quem determinou para Rocha Loures acompanhar as quest\u00f5es das concess\u00f5es das empresas do setor portu\u00e1rio, ainda em 2013, quando ele ocupava cargo de assessor na Vice-Presid\u00eancia? Se sim, qual a orienta\u00e7\u00e3o repassada para Rocha Loures por Vossa Excel\u00eancia, naquela ocasi\u00e3o? Se n\u00e3o, como Rocha Loures tomou conhecimento da mat\u00e9ria e passou a tratar do assunto com representantes do setor portu\u00e1rio?<\/p>\n<p><strong>Resposta:\u00a0<\/strong>N\u00e3o determinei ao Sr. Rodrigo Rocha Loures, ainda como Vice-Presidente da Rep\u00fablica, que acompanhasse as quest\u00f5es das concess\u00f5es das empresas do setor portu\u00e1rio, n\u00e3o sendo do meu conhecimento se algu\u00e9m o procurou para tal finalidade.<\/p>\n<p><strong>24.<\/strong>\u00a0Por que em 2016 os representantes das empresas concession\u00e1rias de terminais portu\u00e1rios voltaram a procurar Rocha Loures, na ocasi\u00e3o j\u00e1 como assessor de Vossa Excel\u00eancia na Presid\u00eancia da Rep\u00fablica? Foi Vossa Excel\u00eancia quem determinou que Rocha Loures voltasse a tratar do caso? Tamb\u00e9m procuraram novamente Vossa Excel\u00eancia novamente para tratar da quest\u00e3o, no final de 2016? Se sim, Vossa Excel\u00eancia repassou alguma orienta\u00e7\u00e3o para os empres\u00e1rios? Quais as demandas deles, j\u00e1 em 2016, e quais empresas representavam?<\/p>\n<p><strong>Resposta:<\/strong>\u00a0Igualmente, n\u00e3o determinei ao Sr. Rodrigo Rocha Loures, j\u00e1 como Presidente da Rep\u00fablica, que acompanhasse as quest\u00f5es das concess\u00f5es das empresas do setor portu\u00e1rio, n\u00e3o sendo do meu conhecimento se algu\u00e9m o procurou para tal finalidade.<\/p>\n<div id=\"pub-retangulo-2\" class=\"arroba publicidade clearfix\">\n<p><strong>25.<\/strong>\u00a0Em 2017, Vossa Excel\u00eancia pediu para que Rocha Loures, j\u00e1 na fun\u00e7\u00e3o de deputado federal, acompanhasse o processo de elabora\u00e7\u00e3o e tramita\u00e7\u00e3o do novo decreto dos portos, que estava sendo analisado na Casa Civil? Se sim, qual orienta\u00e7\u00e3o Vossa Excel\u00eancia passou para Rocha Loures? Se n\u00e3o, por que Rocha Loures ligou para Vossa Excel\u00eancia para obter informa\u00e7\u00f5es sobre a finaliza\u00e7\u00e3o do processo de edi\u00e7\u00e3o do novo decreto dos portos, detalhes da mat\u00e9ria tratada e sua publica\u00e7\u00e3o?<\/p>\n<\/div>\n<p><strong>Resposta:<\/strong>\u00a0N\u00e3o solicitei ao Sr. Rodrigo Rocha Loures que acompanhasse referido Decreto e n\u00e3o lhe dei nenhuma orienta\u00e7\u00e3o respeito.<\/p>\n<p><strong>26.<\/strong>\u00a0Vossa Excel\u00eancia sabe informar se Rocha Loures tem alguma rela\u00e7\u00e3o com empresas do setor portu\u00e1rio? Se sim, quais empresas e v\u00ednculos?<\/p>\n<p><strong>Resposta<\/strong>: N\u00e3o sei informar se o Sr. Rodrigo Rocha Loures tem alguma rela\u00e7\u00e3o com empresas do setor portu\u00e1rio.<\/p>\n<p><strong>27.<\/strong>\u00a0Vossa Excel\u00eancia considera Rocha Loures como sendo pessoa de sua confian\u00e7a? Rocha Loures sempre repassava para Vossa Excel\u00eancia sobre os assuntos e demandas em que atuava enquanto exerceu fun\u00e7\u00e3o de assessor da Vice-Presid\u00eancia e Presid\u00eancia da Rep\u00fablica, nos per\u00edodos em que tais cargos foram ocupados por Vossa Excel\u00eancia? Rocha Loures informou para Vossa Excel\u00eancia que estava tendo intenso contato e reuni\u00f5es frequentes com Ricardo Mesquita, diretor do grupo Rodrimar? Se sim, qual orienta\u00e7\u00e3o repassada para Rocha Loures por Vossa Excel\u00eancia ao tomar conhecimento de tais fatos?<\/p>\n<p><strong>Resposta:<\/strong>\u00a0O Sr. Rodrigo Rocha Loures foi meu assessor, raz\u00e3o pela qual nele depositava confian\u00e7a quanto ao exerc\u00edcio das fun\u00e7\u00f5es inerentes de sua assessoria. Sr. Rodrigo n\u00e3o me informou sobre um \u201cintenso contato\u201d com Sr.Ricardo Mesquita, de maneira que n\u00e3o houve nenhum repasse de qualquer tipo de orienta\u00e7\u00e3o.<\/p>\n<p><strong>28.<\/strong>\u00a0Determinou que Rocha Loures acompanhasse outras mat\u00e9rias relacionadas a empresas concession\u00e1rias de servi\u00e7os p\u00fablicos? Quais \u00e1reas? Por que repassava tais demandas para Rocha Loures?<\/p>\n<p><strong>Resposta:<\/strong>\u00a0Como assessor parlamentar, o Sr. Rodrigo Rocha Loures acompanhava v\u00e1rios projetos em tramita\u00e7\u00e3o pelo Congresso Nacional, de naturezas variadas, referentes ou n\u00e3o servi\u00e7os p\u00fablicos.<\/p>\n<p><strong>29.<\/strong>\u00a0J\u00e1 indicou Rocha Loures para ocupar algum cargo em diretoria ou conselho de empresa p\u00fablica? A indica\u00e7\u00e3o de Rocha Loures para vaga no conselho de administra\u00e7\u00e3o da Neoenergia foi realizada por Vossa Excel\u00eancia? Como Rocha Loures compatibilizava a execu\u00e7\u00e3o de sua nova fun\u00e7\u00e3o no conselho de administra\u00e7\u00e3o da Neoenergia de forma simult\u00e2nea com as fun\u00e7\u00f5es como assessor da Presid\u00eancia?<\/p>\n<p><strong>Resposta:<\/strong>\u00a0Nunca indiquei o Sr. Rodrigo Rocha Loures para ocupar nenhum cargo na Administra\u00e7\u00e3o P\u00fablica, salvo t\u00ea-lo nomeado meu assessor.<\/p>\n<p><strong>30.<\/strong>\u00a0Vossa Excel\u00eancia repassou alguma orienta\u00e7\u00e3o para Rocha Loures, sobre a atua\u00e7\u00e3o no conselho de administra\u00e7\u00e3o da Neoenergia? Se sim, detalhar.<\/p>\n<p><strong>Resposta:<\/strong>\u00a0N\u00e3o repassei nenhuma orienta\u00e7\u00e3o ao Sr. Rodrigo Rocha Loures sobre atua\u00e7\u00e3o no Conselho de Administra\u00e7\u00e3o da Neoenergia.<\/p>\n<p><strong>Do conhecimento sobre atos praticados pelos investigados durante a elabora\u00e7\u00e3o e tramita\u00e7\u00e3o do projeto para novo decreto dos portos, a partir de 2016.<\/strong><\/p>\n<p><strong>31<\/strong>. Vossa Excel\u00eancia tem conhecimento se Rocha Loures estava sendo pressionado por empres\u00e1rios do setor portu\u00e1rio para conseguir melhores benef\u00edcios por meio do decreto dos portos? Se sim, quais provid\u00eancias Vossa Excel\u00eancia tomou ao saber de tal situa\u00e7\u00e3o?<\/p>\n<p><strong>Resposta:<\/strong>\u00a0Jamais soube se o Sr. Rodrigo Rocha Loures estava sendo pressionado por empres\u00e1rios do setor portu\u00e1rio para conseguir melhores beneficios por meio do Decreto dos Portos.<\/p>\n<p><strong>32.<\/strong>\u00a0Recebeu algum pedido de executivos do grupo JBS para entrar em contato com a dire\u00e7\u00e3o da Codesp, para resolver pend\u00eancia de empresas concession\u00e1rias no Porto de Santos? Se sim, qual era esta pend\u00eancia? Detalhar. Quais pessoas Vossa Excel\u00eancia demandou na Codesp para resolver o problema? Qual solu\u00e7\u00e3o foi dada ao caso?<\/p>\n<p><strong>Resposta:<\/strong>\u00a0N\u00e3o recebi nenhum pedido de executivos da IBS para entrar em contato com a dire\u00e7\u00e3o da CODESP, para resolver pend\u00eancia de empresas concession\u00e1rias no Porto de Santos.<\/p>\n<p><strong>33<\/strong>. Vossa Excel\u00eancia solicitou para Rocha Loures procurar o presidente da Caixa Econ\u00f4mica, senhor Gilberto Occhi, para tratar sobre assuntos de interesse do grupo Rodrimar? Se sim, quais orienta\u00e7\u00f5es Vossa Excel\u00eancia repassou para Rocha Loures?<\/p>\n<p><strong>Resposta:<\/strong>\u00a0N\u00e3o solicitei ao Sr. Rodrigo Rocha Loures para que procurasse o Presidente da Caixa Econ\u00f4mica, Sr. Gilberto Occhi, para tratar sobre assuntos de interesse do Grupo Rodrimar.<\/p>\n<p><strong>34.\u00a0<\/strong>Vossa Excel\u00eancia solicitou para o presidente da Caixa Econ\u00f4mica, senhor Gilberto Occhi, receber Rocha Loures para tratar sobre quest\u00f5es de interesse de empresas do grupo Rodrimar? Se sim, quais orienta\u00e7\u00f5es Vossa Excel\u00eancia repassou para Gilberto Occhi?<\/p>\n<p><strong>Resposta:<\/strong>\u00a0N\u00e3o solicitei ao Presidente da Caixa Econ\u00f4mica, Sr.Gilberto Occhi, para tratar sobre assuntos de interesse do Grupo Rodrimar.<\/p>\n<p><strong>35.<\/strong>\u00a0Foi procurado pelo senador Wellington Fagundes para tratar sobre o novo decreto dos portos? Se sim, quando e onde? Explicitar as demandas do senador. O senador Wellington Fagundes defendia a inclus\u00e3o de solu\u00e7\u00e3o das concess\u00f5es dos contratos pr\u00e9-93 no novo decreto dos portos? Quais as justificativas apresentadas pelo senador?<\/p>\n<p><strong>Resposta:<\/strong>\u00a0N\u00e3o fui procurado pelo Senador Wellington Fagundes para tratar sobre novo Decreto dos Portos.<\/p>\n<p><strong>36.<\/strong>\u00a0Foi procurado pelo deputado Beto Mansur para tratar sobre o novo decreto dos portos? Se sim, quando e onde? Explicitar as demandas do deputado. O deputado Beto Mansur defendia a inclus\u00e3o de solu\u00e7\u00e3o das concess\u00f5es dos contratos pr\u00e9-93 no novo decreto dos portos? Quais as justificativas apresentadas pelo deputado?<\/p>\n<p><strong>Resposta:<\/strong>\u00a0N\u00e3o fui procurado pelo Deputado Beto Mansur para tratar sobre novo Decreto dos Portos.<\/p>\n<p><strong>37.<\/strong>\u00a0Vossa Excel\u00eancia acompanhou a elabora\u00e7\u00e3o e tramita\u00e7\u00e3o do novo decreto dos portos, n\u00ba 9048\/2017? Se sim, de onde partiu a iniciativa para sua edi\u00e7\u00e3o? Quais os setores interessados?<\/p>\n<p>38. Quais as principais altera\u00e7\u00f5es trazidas pelo novo decreto dos portos, n\u00ba 9048\/2017, em rela\u00e7\u00e3o \u00e0 legisla\u00e7\u00e3o anterior?<\/p>\n<p><strong>Resposta:\u00a0<\/strong>N\u00e3o acompanhei &#8220;tramita\u00e7\u00e3o do referido Decreto. Ele surgiu no Minist\u00e9rio dos Transportes e foi analisadoe debatido por uma Comiss\u00e3o integrada por representantes de v\u00e1rios Minist\u00e9rios do setor privado.<\/p>\n<p><strong>38.<\/strong>\u00a0Quais as principais altera\u00e7\u00f5es trazidas pelo novo decreto dos portos, n\u00ba 9048\/2017, em rela\u00e7\u00e3o \u00e0 legisla\u00e7\u00e3o anterior?<\/p>\n<p><strong>Resposta:<\/strong>\u00a0A principal altera\u00e7\u00e3o trazida pelo Decreto foi aumento do prazo de 25 (vinte e cinco) para 35 (trinta e cinco) anos nos contratos de concess\u00e3o. Deve-se real\u00e7ar que as empresas que j\u00e1 possu\u00edam concess\u00e3o antes de 1993 n\u00e3o foram beneficiadas pela prorroga\u00e7\u00e3o.<\/p>\n<p><strong>39.<\/strong>\u00a0As empresas do grupo Rodrimar foram beneficiadas com a edi\u00e7\u00e3o do decreto n\u00ba 9048\/2017? Se sim, quais empresas e quais benef\u00edcios?<\/p>\n<p><strong>Resposta:\u00a0<\/strong>As empresas do Grupo Rodrimar n\u00e3o foram beneficiadas com edi\u00e7\u00e3o do Decreto n\u00ba 9.048\/2017, conforme demonstram os documentos do Minist\u00e9rio dos Transportes constantes dos autos de investiga\u00e7\u00e3o complementados pelo que est\u00e1 sendo oferecido em anexo.<\/p>\n<p><strong>40.<\/strong>\u00a0Vossa Excel\u00eancia foi procurado por representantes de concession\u00e1rias de terminais portu\u00e1rios, em 2017, com demandas sobre o setor e interesse em edi\u00e7\u00e3o de normativo que buscasse ampliar o prazo das concess\u00f5es e ainda incluir solu\u00e7\u00e3o sobre concess\u00f5es pr\u00e9-93? Se sim, quais empres\u00e1rios e quais empresas representavam? Qual o encaminhamento que Vossa Excel\u00eancia deu ao caso?<\/p>\n<p><strong>Resposta:<\/strong>\u00a0N\u00e3o fui procurado por empres\u00e1rios do setor portu\u00e1rio sobre edi\u00e7\u00e3o de normativo que buscasse ampliar os prazos das concess\u00f5es de terminais portu\u00e1rios. mat\u00e9ria estava no \u00e2mbito do Minist\u00e9rio dos Transportes da precitada comiss\u00e3o, constitu\u00edda para tal fim.<\/p>\n<p><strong>41.<\/strong>\u00a0Os ministros Eliseu Padilha e Moreira Franco acompanharam a edi\u00e7\u00e3o do decreto n\u00ba 9048\/2017? Se sim, qual o interesse deles na mat\u00e9ria?<\/p>\n<p><strong>Resposta:<\/strong>\u00a0N\u00e3o sei informar com precis\u00e3o, mas n\u00e3o \u00e9 improv\u00e1vel que os Ministros Eliseu Padilha Moreira Franco tenham acompanhado edi\u00e7\u00e3o do Decreto n\u00ba 9.048\/ 17, respectivamente na qualidade de Ministro-Chefe da Casa Civil Ministro-Chefe da Secretaria Geral da Presid\u00eancia no desempenho de suas fun\u00e7\u00f5es.<\/p>\n<p><strong>42.<\/strong>\u00a0Vossa Excel\u00eancia repassou alguma orienta\u00e7\u00e3o para os ministros Eliseu Padilha e Moreira Franco sobre as mat\u00e9rias que deveriam ser tratadas e abrangidas pelo novo decreto dos portos, n\u00ba 9048\/2017? Se sim, detalhar as orienta\u00e7\u00f5es.<\/p>\n<p><strong>Resposta:\u00a0<\/strong>N\u00e3o repassei nenhuma orienta\u00e7\u00e3o para os Ministros Eliseu Padilha Moreira Franco sobre as mat\u00e9rias que deveriam ser tratadas e abrangidas pelo Decreto dos Portos.<\/p>\n<p><strong>43.<\/strong>\u00a0Qual a fun\u00e7\u00e3o de Gustavo Rocha na Casa Civil? Vossa Excel\u00eancia repassou alguma orienta\u00e7\u00e3o espec\u00edfica para Gustavo Rocha sobre a elabora\u00e7\u00e3o ou mat\u00e9ria que deveria ser tratada no novo decreto dos portos, n\u00ba 9048\/2017? Se sim, detalhar as orienta\u00e7\u00f5es.<\/p>\n<p><strong>Resposta:<\/strong>\u00a0O Sr. Gustavo do Vale Rocha Subchefe \u00e9 para Assuntos Jur\u00eddicos da Casa Civil. N\u00e3o dei a ele nenhuma orienta\u00e7\u00e3o sobre Decreto dos Portos.<\/p>\n<p><strong>44.<\/strong>\u00a0Por que Gustavo Rocha afirmou em grava\u00e7\u00e3o de di\u00e1logo com Rocha Loures, devidamente autorizado pela Justi\u00e7a, que achava que o setor j\u00e1 tinha \u2018conseguido coisa demais\u2019 com o novo decreto dos portos? Vossa Excel\u00eancia entende que as novas regras trouxeram benef\u00edcios em excesso \u00e0s empresas concession\u00e1rias de terminais do setor portu\u00e1rio?<\/p>\n<p><strong>Resposta:<\/strong>\u00a0N\u00e3o havia tomado conhecimento da afirma\u00e7\u00e3o, raz\u00e3o pela qual n\u00e3o saberia informar sobre as suas raz\u00f5es.<\/p>\n<p><strong>45.<\/strong>\u00a0Por que Gustavo Rocha e Beto Mansur disseram, durante di\u00e1logos com Rocha Loures, devidamente autorizados pela Justi\u00e7a, que a inser\u00e7\u00e3o da quest\u00e3o pr\u00e9-93, tanto defendida por Rocha Loures, Beto Mansur e Wellington Fagundes, seria uma \u2018exposi\u00e7\u00e3o para o presidente\u2019? Vossa Excel\u00eancia sabe dizer se tal normatiza\u00e7\u00e3o por meio do novo decreto dos portos seria ilegal? Por que?<\/p>\n<p><strong>Resposta:<\/strong>\u00a0A normatiza\u00e7\u00e3o trazida pelo novo Decreto n\u00e3o \u00e9 ilegal.Considerou-se que inser\u00e7\u00e3o dos contratos anteriores 1993 n\u00e3o possu\u00eda respaldo jur\u00eddico para serem alcan\u00e7ados pela prorroga\u00e7\u00e3o do prazo. Por esta raz\u00e3o, as concession\u00e1rias anteriores \u00e0quela data n\u00e3o foram inclu\u00eddas.<\/p>\n<p><strong>46.<\/strong>\u00a0Vossa Excel\u00eancia prometeu ou conversou com algum parlamentar ou mesmo com empres\u00e1rios informando que a quest\u00e3o pr\u00e9-93 seria resolvida por meio da edi\u00e7\u00e3o de medida provis\u00f3ria ou lei ordin\u00e1ria? Com quem? Vossa Excel\u00eancia pretende editar tal medida? Quando?<\/p>\n<p><strong>Resposta:<\/strong>\u00a0Nunca prometi ou conversei com nenhum parlamentar, ou mesmo com empres\u00e1rios, para informar que quest\u00e3o \u201cPr\u00e9-93\u201d seria resolvida por meio da edi\u00e7\u00e3o de Medida Provis\u00f3ria ou Lei Ordin\u00e1ria.<\/p>\n<p><strong>Do suposto favorecimento ou conhecimento sobre a\u00e7\u00e3o visando favorecimento de empresas do setor portu\u00e1rio, por meio do novo decreto dos portos, inclusive pagamentos indevidos<\/strong><\/p>\n<p><strong>47.<\/strong>\u00a0Vossa Excel\u00eancia tem conhecimento se Rocha Loures recebeu alguma proposta de valores indevidos, para buscar melhores benef\u00edcios, inclusive inclus\u00e3o de solu\u00e7\u00e3o para os contratos em concess\u00f5es pr\u00e9-93, no novo decreto dos portos? Se sim, de qual empres\u00e1rio? Declarar circunst\u00e2ncias de tal fato.<\/p>\n<p><strong>Resposta:\u00a0<\/strong>N\u00e3o tenho conhecimento se Sr. Rodrigo Rocha Loures recebeu alguma proposta de valores indevidos para buscar melhores benef\u00edcios e solu\u00e7\u00f5es para os contratos em concess\u00f5es \u201cPr\u00e9-93\u201d no novo Decreto dos Portos. Ali\u00e1s, jamais soube de insinua\u00e7\u00e3o ou boato respeito.<\/p>\n<p><strong>48<\/strong>. Autorizou que Rocha Loures fizesse tratativas em nome de Vossa Excel\u00eancia com empres\u00e1rios do setor portu\u00e1rio visando recebimento de valores, em troca de melhores benef\u00edcios para o setor, inseridos no decreto 9048\/2017? Se sim, explicar as circunst\u00e2ncias.<\/p>\n<p><strong>Resposta:<\/strong>\u00a0Nunca autorizei que Sr. Rodrigo Rocha Loures fizesse tratativas em meu nome com empres\u00e1rios do setor portu\u00e1rio visando recebimento de valores em troca de melhores benef\u00edcios para aquele setor. Pe\u00e7o v\u00eania para real\u00e7ar a impertin\u00eancia de tal quest\u00e3o, por colocar em d\u00favida minha honorabilidade dignidade pessoal.<\/p>\n<p><strong>49.<\/strong>\u00a0Vossa Excel\u00eancia recebeu alguma oferta de valor, ainda que em forma de doa\u00e7\u00e3o de campanha eleitoral, formal ou do tipo caixa 2, para inserir dispositivos no novo decreto dos portos, mais ben\u00e9ficos para empresas concession\u00e1rias do setor? Se sim, explicitar as circunst\u00e2ncias e quais provid\u00eancias tomou.<\/p>\n<div id=\"pub-retangulo-3\" class=\"arroba publicidade clearfix\">\n<p><strong>Resposta:<\/strong>\u00a0N\u00e3o recebi nenhuma oferta de valor para inserir dispositivos mais ben\u00e9ficos no Decreto dos Portos, ainda que em forma de doa\u00e7\u00e3o de campanha eleitoral. Em tal hip\u00f3tese, minha rea\u00e7\u00e3o seria de en\u00e9rgica repulsa, seguida da ado\u00e7\u00e3o das medidas cab\u00edveis.<\/p>\n<\/div>\n<p><strong>50.<\/strong>\u00a0Solicitou que Rocha Loures, Jo\u00e3o Baptista Lima Filho ou Jos\u00e9 Yunes recebessem recursos em nome de Vossa Excel\u00eancia, em retribui\u00e7\u00e3o pela edi\u00e7\u00e3o de normas contidas no novo decreto dos portos, de interesse e mais ben\u00e9ficas para empresas concession\u00e1rias de terminais portu\u00e1rios p\u00fablicos e privados? Se sim, apresentar justificativas e detalhar circunst\u00e2ncias.<\/p>\n<p><strong>Resposta:<\/strong>\u00a0Nunca solicitei que os Srs. Rodrigo Rocha Loures, Jo\u00e3o Batista Lima Filho ou Jos\u00e9 Yunes recebessem recursos em meu nome em retribui\u00e7\u00e3o pela edi\u00e7\u00e3o de normas contidas no Decreto dos Portos. Reitero a agressividade, o desrespeito e, portanto, a impertin\u00eancia, por seu car\u00e1ter ofensivo, tamb\u00e9m dessa quest\u00e3o, tal como das anteriores.<\/p>\n<p><strong>CARIRI EM A\u00c7\u00c3O<\/strong><\/p>\n<p><em>Com O Globo\/Foto: Reprodu\u00e7\u00e3o Internet<\/em><\/p>\n<p><strong>Leia mais not\u00edcias em\u00a0<\/strong><a href=\"http:\/\/www.caririemacao.com\/\"><strong>caririemacao.com<\/strong><\/a><strong>, siga nossa p\u00e1gina no\u00a0<\/strong><a href=\"https:\/\/www.facebook.com\/CaririEmAcao\/?ref=aymt_homepage_panel\"><strong>Facebook<\/strong><\/a>,<strong>\u00a0<\/strong><a href=\"https:\/\/www.instagram.com\/cariri_em_acao\/?hl=pt-br\"><strong>Instagram<\/strong><\/a><strong>\u00a0e <\/strong><a href=\"https:\/\/www.youtube.com\/channel\/UCAptA0jQuYQy8vMhLt2m4qg\"><strong>Youtube<\/strong><\/a><strong>\u00a0e veja nossas mat\u00e9rias, v\u00eddeos e fotos. Voc\u00ea tamb\u00e9m pode enviar informa\u00e7\u00f5es \u00e0 Reda\u00e7\u00e3o do Portal Cariri em A\u00e7\u00e3o pelo WhatsApp (83) 9 9634.5791, (83) 9 9601-1162.<\/strong><\/p>\n","protected":false},"excerpt":{"rendered":"<p>A defesa do presidente\u00a0Michel Temer\u00a0protocolou nesta quinta-feira as respostas para as 50 perguntas feitas pela Pol\u00edcia Federal no inqu\u00e9rito em que ele \u00e9 alvo no&hellip; <\/p>\n","protected":false},"author":2,"featured_media":36793,"comment_status":"closed","ping_status":"closed","sticky":false,"template":"","format":"standard","meta":{"sfsi_plus_gutenberg_text_before_share":"","sfsi_plus_gutenberg_show_text_before_share":"","sfsi_plus_gutenberg_icon_type":"","sfsi_plus_gutenberg_icon_alignemt":"","sfsi_plus_gutenburg_max_per_row":"","footnotes":""},"categories":[11],"tags":[],"class_list":["post-38034","post","type-post","status-publish","format-standard","has-post-thumbnail","hentry","category-politica"],"_links":{"self":[{"href":"https:\/\/www.caririemacao.com\/1\/wp-json\/wp\/v2\/posts\/38034","targetHints":{"allow":["GET"]}}],"collection":[{"href":"https:\/\/www.caririemacao.com\/1\/wp-json\/wp\/v2\/posts"}],"about":[{"href":"https:\/\/www.caririemacao.com\/1\/wp-json\/wp\/v2\/types\/post"}],"author":[{"embeddable":true,"href":"https:\/\/www.caririemacao.com\/1\/wp-json\/wp\/v2\/users\/2"}],"replies":[{"embeddable":true,"href":"https:\/\/www.caririemacao.com\/1\/wp-json\/wp\/v2\/comments?post=38034"}],"version-history":[{"count":0,"href":"https:\/\/www.caririemacao.com\/1\/wp-json\/wp\/v2\/posts\/38034\/revisions"}],"wp:featuredmedia":[{"embeddable":true,"href":"https:\/\/www.caririemacao.com\/1\/wp-json\/wp\/v2\/media\/36793"}],"wp:attachment":[{"href":"https:\/\/www.caririemacao.com\/1\/wp-json\/wp\/v2\/media?parent=38034"}],"wp:term":[{"taxonomy":"category","embeddable":true,"href":"https:\/\/www.caririemacao.com\/1\/wp-json\/wp\/v2\/categories?post=38034"},{"taxonomy":"post_tag","embeddable":true,"href":"https:\/\/www.caririemacao.com\/1\/wp-json\/wp\/v2\/tags?post=38034"}],"curies":[{"name":"wp","href":"https:\/\/api.w.org\/{rel}","templated":true}]}}