{"id":38037,"date":"2018-01-19T08:01:22","date_gmt":"2018-01-19T11:01:22","guid":{"rendered":"http:\/\/caririemacao.com\/1\/?p=38037"},"modified":"2018-01-19T08:01:22","modified_gmt":"2018-01-19T11:01:22","slug":"corpo-de-bombeiros-realiza-vistoria-no-balneario-publico-em-camalau","status":"publish","type":"post","link":"https:\/\/www.caririemacao.com\/1\/2018\/01\/19\/corpo-de-bombeiros-realiza-vistoria-no-balneario-publico-em-camalau\/","title":{"rendered":"Corpo de bombeiros realiza vistoria no balne\u00e1rio p\u00fablico em Camala\u00fa"},"content":{"rendered":"<div class=\"contentPost\">\n<p>O vice-prefeito de Camala\u00fa, Kiel, confirmou o recebimento da visita do corpo de bombeiros ao munic\u00edpio de Camala\u00fa na manh\u00e3 desta quinta feira, para vistoria o balne\u00e1rio p\u00fablico.<\/p>\n<p>De acordo com Kiel, o motivo da visita foi a realiza\u00e7\u00e3o de uma vistoria por parte do Corpo de Bombeiros da Para\u00edba, onde os seus militares e oficiais estiveram dando todas as orienta\u00e7\u00f5es t\u00e9cnicas e preventivas para a seguran\u00e7a dos foli\u00f5es durante o<br \/>\nCarnaval deste ano no balne\u00e1rio p\u00fablico.<\/p>\n<p>\u201cNa oportunidade, estive na companhia dos secret\u00e1rios Everaldo e Mar\u00edcia, ainda do funcion\u00e1rio Paulinho. O relat\u00f3rio do que foi acordado ser\u00e1 repassado ao prefeito Sandro M\u00f4co, para que o mesmo tome as devidas provid\u00eancias a fim de assegurar a qualidade do maior evento festivo do nosso munic\u00edpio.\u201d, garantiu o vice prefeito Kiel.<\/p>\n<p><strong>CARIRI EM A\u00c7\u00c3O<\/strong><\/p>\n<\/div>\n<p><em>Com Cariri Ligado\/Foto: Reprodu\u00e7\u00e3o Internet<\/em><\/p>\n<p><strong>Leia mais not\u00edcias em\u00a0<\/strong><a href=\"http:\/\/www.caririemacao.com\/\"><strong>caririemacao.com<\/strong><\/a><strong>, siga nossa p\u00e1gina no\u00a0<\/strong><a href=\"https:\/\/www.facebook.com\/CaririEmAcao\/?ref=aymt_homepage_panel\"><strong>Facebook<\/strong><\/a>,<strong>\u00a0<\/strong><a href=\"https:\/\/www.instagram.com\/cariri_em_acao\/?hl=pt-br\"><strong>Instagram<\/strong><\/a><strong>\u00a0e <\/strong><a href=\"https:\/\/www.youtube.com\/channel\/UCAptA0jQuYQy8vMhLt2m4qg\"><strong>Youtube<\/strong><\/a><strong>\u00a0e veja nossas mat\u00e9rias, v\u00eddeos e fotos. Voc\u00ea tamb\u00e9m pode enviar informa\u00e7\u00f5es \u00e0 Reda\u00e7\u00e3o do Portal Cariri em A\u00e7\u00e3o pelo WhatsApp (83) 9 9634.5791, (83) 9 9601-1162.<\/strong><\/p>\n","protected":false},"excerpt":{"rendered":"<p>O vice-prefeito de Camala\u00fa, Kiel, confirmou o recebimento da visita do corpo de bombeiros ao munic\u00edpio de Camala\u00fa na manh\u00e3 desta quinta feira, para vistoria&hellip; <\/p>\n","protected":false},"author":2,"featured_media":38039,"comment_status":"closed","ping_status":"closed","sticky":false,"template":"","format":"standard","meta":{"sfsi_plus_gutenberg_text_before_share":"","sfsi_plus_gutenberg_show_text_before_share":"","sfsi_plus_gutenberg_icon_type":"","sfsi_plus_gutenberg_icon_alignemt":"","sfsi_plus_gutenburg_max_per_row":"","footnotes":""},"categories":[6],"tags":[],"class_list":["post-38037","post","type-post","status-publish","format-standard","has-post-thumbnail","hentry","category-cidades"],"_links":{"self":[{"href":"https:\/\/www.caririemacao.com\/1\/wp-json\/wp\/v2\/posts\/38037","targetHints":{"allow":["GET"]}}],"collection":[{"href":"https:\/\/www.caririemacao.com\/1\/wp-json\/wp\/v2\/posts"}],"about":[{"href":"https:\/\/www.caririemacao.com\/1\/wp-json\/wp\/v2\/types\/post"}],"author":[{"embeddable":true,"href":"https:\/\/www.caririemacao.com\/1\/wp-json\/wp\/v2\/users\/2"}],"replies":[{"embeddable":true,"href":"https:\/\/www.caririemacao.com\/1\/wp-json\/wp\/v2\/comments?post=38037"}],"version-history":[{"count":0,"href":"https:\/\/www.caririemacao.com\/1\/wp-json\/wp\/v2\/posts\/38037\/revisions"}],"wp:featuredmedia":[{"embeddable":true,"href":"https:\/\/www.caririemacao.com\/1\/wp-json\/wp\/v2\/media\/38039"}],"wp:attachment":[{"href":"https:\/\/www.caririemacao.com\/1\/wp-json\/wp\/v2\/media?parent=38037"}],"wp:term":[{"taxonomy":"category","embeddable":true,"href":"https:\/\/www.caririemacao.com\/1\/wp-json\/wp\/v2\/categories?post=38037"},{"taxonomy":"post_tag","embeddable":true,"href":"https:\/\/www.caririemacao.com\/1\/wp-json\/wp\/v2\/tags?post=38037"}],"curies":[{"name":"wp","href":"https:\/\/api.w.org\/{rel}","templated":true}]}}