{"id":38043,"date":"2018-01-19T08:06:34","date_gmt":"2018-01-19T11:06:34","guid":{"rendered":"http:\/\/caririemacao.com\/1\/?p=38043"},"modified":"2018-01-19T08:06:34","modified_gmt":"2018-01-19T11:06:34","slug":"pf-concluira-investigacao-de-politicos-na-lava-jato-ate-agosto","status":"publish","type":"post","link":"https:\/\/www.caririemacao.com\/1\/2018\/01\/19\/pf-concluira-investigacao-de-politicos-na-lava-jato-ate-agosto\/","title":{"rendered":"PF concluir\u00e1 investiga\u00e7\u00e3o de pol\u00edticos na Lava Jato at\u00e9 agosto"},"content":{"rendered":"<p>O diretor-geral da Pol\u00edcia Federal, Fernando Segovia, disse que pretende concluir as\u00a0investiga\u00e7\u00f5es da Lava Jato\u00a0contra pol\u00edticos com foro privilegiado no Supremo Tribunal Federal (STF) at\u00e9 agosto por causa das elei\u00e7\u00f5es. Segundo ele, a PF tem em 273 investiga\u00e7\u00f5es da opera\u00e7\u00e3o sobre pol\u00edticos. As declara\u00e7\u00f5es foram dadas em entrevista a Miriam Leit\u00e3o na Globonews.<\/p>\n<p>\u201cA gente quer chegar em no m\u00e1ximo oito meses, quer dizer, at\u00e9 agosto, antes das elei\u00e7\u00f5es e concluir todas as investiga\u00e7\u00f5es, para apresentar para a popula\u00e7\u00e3o brasileira quem s\u00e3o realmente esses pol\u00edticos que cometeram crimes contra a na\u00e7\u00e3o, para que a popula\u00e7\u00e3o possa votar e ter a tranquilidade de escolher um pol\u00edtico que n\u00e3o tem ficha suja. Ent\u00e3o, a ideia \u00e9 realmente auxiliar o cidad\u00e3o nas pr\u00f3ximas elei\u00e7\u00f5es\u201d, declarou.<\/p>\n<p>Segovia classificou como \u201cpequeno erro\u201d de seu \u201cpessoal\u201d o seu encontro com o presidente Michel Temer, fora da agenda oficial, dias antes de o peemedebista responder aos 50 questionamentos da PF no inqu\u00e9rito sobre o caso Rodrimar.<\/p>\n<p>\u201cNa realidade, houve at\u00e9 um pequeno erro do meu pessoal da agenda, que est\u00e1 corrigindo esse erro, pelo menos do lado da Pol\u00edcia Federal. Foi um convite que eu j\u00e1 tinha trabalhado com o pr\u00f3prio ministro da Justi\u00e7a (Torquato Jardim) de um projeto de seguran\u00e7a onde ele havia pedido um aux\u00edlio nosso para que a gente constru\u00edsse uma solu\u00e7\u00e3o para melhorar o trabalho da PF. A gente estava precisando ter uma audi\u00eancia. O presidente tinha cobrado dele, ministro da Justi\u00e7a, uma solu\u00e7\u00e3o para que a gente melhorasse o trabalho da PF principalmente em apoiar a\u00e7\u00f5es estaduais de crimes federais e que hoje a For\u00e7a Nacional estaria fazendo esse trabalho, s\u00f3 que isso tem um custo alto. E um custo alto que estaria sendo reclamado por alguns governadores de estado\u201d, justificou.<\/p>\n<p>Intitulando-se um \u201cpolicial bem mandado\u201d, o diretor-geral da PF contou que foi ao encontro com Temer assim que foi chamado pelo presidente e pelo ministro da Justi\u00e7a.<\/p>\n<p>\u201cNa segunda-feira de manh\u00e3, recebi a liga\u00e7\u00e3o dos dois, do presidente e do ministro Torquato, que queriam justamente conversar comigo e na hora ele falou: v\u00e1 ao presidente da Rep\u00fablica \u00e0s 9h. Recebi a liga\u00e7\u00e3o \u00e0s 7h30m e \u00e0s 9h j\u00e1 estava l\u00e1. Sou um policial bem mandado, vamos dizer assim. Realmente esse tempo de agenda, de publica\u00e7\u00e3o de agenda, a gente talvez tenha s\u00f3 que se ajustar\u201d, afirmou.<\/p>\n<p>Segovia voltou a defender Temer sobre a investiga\u00e7\u00e3o que aponta o presidente como destinat\u00e1rio da mala com R$ 500 mil em propina transportada pelo ex-assessor da Presid\u00eancia Rodrigo Rocha Loures, suplente de deputado.<\/p>\n<p>Miriam Leit\u00e3o contestou uma declara\u00e7\u00e3o do diretor-geral, dada em novembro, de que uma mala s\u00f3 era insuficiente para inferir que Temer praticou corrup\u00e7\u00e3o.<\/p>\n<p>\u201cBasta uma. S\u00f3 que essa uma mala tinha que chegar ao destinat\u00e1rio. O que aconteceu com essa \u00fanica mala que foi entregue?\u201d Ele ressaltou que a mala ficou com Rocha Loures e n\u00e3o chegou a Temer. Foi entregue por Rocha Loures \u00e0 PF faltando R$ 37 mil. \u00a0\u201dSe fosse receber um dinheiro para entregar ao meu chefe, jamais ia mexer nesse dinheiro\u201d, afirmou.<\/p>\n<div class=\"contentPost\">\n<p><strong>CARIRI EM A\u00c7\u00c3O<\/strong><\/p>\n<\/div>\n<p><em>Com Congresso em foco\/Foto:\u00a0Marcos Correa<\/em><\/p>\n<p><strong>Leia mais not\u00edcias em\u00a0<\/strong><a href=\"http:\/\/www.caririemacao.com\/\"><strong>caririemacao.com<\/strong><\/a><strong>, siga nossa p\u00e1gina no\u00a0<\/strong><a href=\"https:\/\/www.facebook.com\/CaririEmAcao\/?ref=aymt_homepage_panel\"><strong>Facebook<\/strong><\/a>,<strong>\u00a0<\/strong><a href=\"https:\/\/www.instagram.com\/cariri_em_acao\/?hl=pt-br\"><strong>Instagram<\/strong><\/a><strong>\u00a0e\u00a0<\/strong><a href=\"https:\/\/www.youtube.com\/channel\/UCAptA0jQuYQy8vMhLt2m4qg\"><strong>Youtube<\/strong><\/a><strong>\u00a0e veja nossas mat\u00e9rias, v\u00eddeos e fotos. Voc\u00ea tamb\u00e9m pode enviar informa\u00e7\u00f5es \u00e0 Reda\u00e7\u00e3o do Portal Cariri em A\u00e7\u00e3o pelo WhatsApp (83) 9 9634.5791, (83) 9 9601-1162.<\/strong><\/p>\n","protected":false},"excerpt":{"rendered":"<p>O diretor-geral da Pol\u00edcia Federal, Fernando Segovia, disse que pretende concluir as\u00a0investiga\u00e7\u00f5es da Lava Jato\u00a0contra pol\u00edticos com foro privilegiado no Supremo Tribunal Federal (STF) at\u00e9&hellip; <\/p>\n","protected":false},"author":2,"featured_media":38044,"comment_status":"closed","ping_status":"closed","sticky":false,"template":"","format":"standard","meta":{"sfsi_plus_gutenberg_text_before_share":"","sfsi_plus_gutenberg_show_text_before_share":"","sfsi_plus_gutenberg_icon_type":"","sfsi_plus_gutenberg_icon_alignemt":"","sfsi_plus_gutenburg_max_per_row":"","footnotes":""},"categories":[11],"tags":[],"class_list":["post-38043","post","type-post","status-publish","format-standard","has-post-thumbnail","hentry","category-politica"],"_links":{"self":[{"href":"https:\/\/www.caririemacao.com\/1\/wp-json\/wp\/v2\/posts\/38043","targetHints":{"allow":["GET"]}}],"collection":[{"href":"https:\/\/www.caririemacao.com\/1\/wp-json\/wp\/v2\/posts"}],"about":[{"href":"https:\/\/www.caririemacao.com\/1\/wp-json\/wp\/v2\/types\/post"}],"author":[{"embeddable":true,"href":"https:\/\/www.caririemacao.com\/1\/wp-json\/wp\/v2\/users\/2"}],"replies":[{"embeddable":true,"href":"https:\/\/www.caririemacao.com\/1\/wp-json\/wp\/v2\/comments?post=38043"}],"version-history":[{"count":0,"href":"https:\/\/www.caririemacao.com\/1\/wp-json\/wp\/v2\/posts\/38043\/revisions"}],"wp:featuredmedia":[{"embeddable":true,"href":"https:\/\/www.caririemacao.com\/1\/wp-json\/wp\/v2\/media\/38044"}],"wp:attachment":[{"href":"https:\/\/www.caririemacao.com\/1\/wp-json\/wp\/v2\/media?parent=38043"}],"wp:term":[{"taxonomy":"category","embeddable":true,"href":"https:\/\/www.caririemacao.com\/1\/wp-json\/wp\/v2\/categories?post=38043"},{"taxonomy":"post_tag","embeddable":true,"href":"https:\/\/www.caririemacao.com\/1\/wp-json\/wp\/v2\/tags?post=38043"}],"curies":[{"name":"wp","href":"https:\/\/api.w.org\/{rel}","templated":true}]}}