{"id":38046,"date":"2018-01-19T08:13:05","date_gmt":"2018-01-19T11:13:05","guid":{"rendered":"http:\/\/caririemacao.com\/1\/?p=38046"},"modified":"2018-01-19T08:13:05","modified_gmt":"2018-01-19T11:13:05","slug":"governo-divulga-edital-de-processo-seletivo-para-saude-da-crianca","status":"publish","type":"post","link":"https:\/\/www.caririemacao.com\/1\/2018\/01\/19\/governo-divulga-edital-de-processo-seletivo-para-saude-da-crianca\/","title":{"rendered":"Governo divulga edital de processo seletivo para sa\u00fade da crian\u00e7a"},"content":{"rendered":"<p>Foi divulgado no Di\u00e1rio Oficial do Estado desta sexta-feira (19) o edital de resid\u00eancia m\u00e9dica. O\u00a0processo seletivo \u00e9 para o preenchimento das vagas do Programa de Resid\u00eancia Multiprofissional em Sa\u00fade da Crian\u00e7a (Remusc). No total, s\u00e3o cinco vagas.<\/p>\n<p>As vagas contemplam os profissionais de\u00a0Enfermagem, Farm\u00e1cia, Fisioterapia e Nutri\u00e7\u00e3o. A dura\u00e7\u00e3o prevista \u00e9 de 24 meses, com uma carga de 60 horas semanais, no total de 5.760 horas. \u00c9 necess\u00e1rio j\u00e1 ter completado o curso. A remunera\u00e7\u00e3o \u00e9 de R$3.300,43.<\/p>\n<p>As inscri\u00e7\u00f5es come\u00e7am na segunda-feira (22) e v\u00e3o at\u00e9 o dia 5 de fevereiro. Elas podem ser feitas pessoalmente, ou pelos Correios via Sedex.<\/p>\n<p>A prova vai ser aplicada no dia 17 de fevereiro, no Centro de Ci\u00eancias M\u00e9dicas (CCM) da Universidade<br \/>\nFederal da Para\u00edba (UFPB). O programa deve come\u00e7ar em mar\u00e7o.<\/p>\n<div class=\"contentPost\">\n<p><strong>CARIRI EM A\u00c7\u00c3O<\/strong><\/p>\n<\/div>\n<p><em>Com Mais PB\/Foto: Reprodu\u00e7\u00e3o Internet<\/em><\/p>\n<p><strong>Leia mais not\u00edcias em\u00a0<\/strong><a href=\"http:\/\/www.caririemacao.com\/\"><strong>caririemacao.com<\/strong><\/a><strong>, siga nossa p\u00e1gina no\u00a0<\/strong><a href=\"https:\/\/www.facebook.com\/CaririEmAcao\/?ref=aymt_homepage_panel\"><strong>Facebook<\/strong><\/a>,<strong>\u00a0<\/strong><a href=\"https:\/\/www.instagram.com\/cariri_em_acao\/?hl=pt-br\"><strong>Instagram<\/strong><\/a><strong>\u00a0e\u00a0<\/strong><a href=\"https:\/\/www.youtube.com\/channel\/UCAptA0jQuYQy8vMhLt2m4qg\"><strong>Youtube<\/strong><\/a><strong>\u00a0e veja nossas mat\u00e9rias, v\u00eddeos e fotos. Voc\u00ea tamb\u00e9m pode enviar informa\u00e7\u00f5es \u00e0 Reda\u00e7\u00e3o do Portal Cariri em A\u00e7\u00e3o pelo WhatsApp (83) 9 9634.5791, (83) 9 9601-1162.<\/strong><\/p>\n","protected":false},"excerpt":{"rendered":"<p>Foi divulgado no Di\u00e1rio Oficial do Estado desta sexta-feira (19) o edital de resid\u00eancia m\u00e9dica. O\u00a0processo seletivo \u00e9 para o preenchimento das vagas do Programa&hellip; <\/p>\n","protected":false},"author":2,"featured_media":35637,"comment_status":"closed","ping_status":"closed","sticky":false,"template":"","format":"standard","meta":{"sfsi_plus_gutenberg_text_before_share":"","sfsi_plus_gutenberg_show_text_before_share":"","sfsi_plus_gutenberg_icon_type":"","sfsi_plus_gutenberg_icon_alignemt":"","sfsi_plus_gutenburg_max_per_row":"","footnotes":""},"categories":[14],"tags":[],"class_list":["post-38046","post","type-post","status-publish","format-standard","has-post-thumbnail","hentry","category-educacao"],"_links":{"self":[{"href":"https:\/\/www.caririemacao.com\/1\/wp-json\/wp\/v2\/posts\/38046","targetHints":{"allow":["GET"]}}],"collection":[{"href":"https:\/\/www.caririemacao.com\/1\/wp-json\/wp\/v2\/posts"}],"about":[{"href":"https:\/\/www.caririemacao.com\/1\/wp-json\/wp\/v2\/types\/post"}],"author":[{"embeddable":true,"href":"https:\/\/www.caririemacao.com\/1\/wp-json\/wp\/v2\/users\/2"}],"replies":[{"embeddable":true,"href":"https:\/\/www.caririemacao.com\/1\/wp-json\/wp\/v2\/comments?post=38046"}],"version-history":[{"count":0,"href":"https:\/\/www.caririemacao.com\/1\/wp-json\/wp\/v2\/posts\/38046\/revisions"}],"wp:featuredmedia":[{"embeddable":true,"href":"https:\/\/www.caririemacao.com\/1\/wp-json\/wp\/v2\/media\/35637"}],"wp:attachment":[{"href":"https:\/\/www.caririemacao.com\/1\/wp-json\/wp\/v2\/media?parent=38046"}],"wp:term":[{"taxonomy":"category","embeddable":true,"href":"https:\/\/www.caririemacao.com\/1\/wp-json\/wp\/v2\/categories?post=38046"},{"taxonomy":"post_tag","embeddable":true,"href":"https:\/\/www.caririemacao.com\/1\/wp-json\/wp\/v2\/tags?post=38046"}],"curies":[{"name":"wp","href":"https:\/\/api.w.org\/{rel}","templated":true}]}}