{"id":38053,"date":"2018-01-19T09:21:05","date_gmt":"2018-01-19T12:21:05","guid":{"rendered":"http:\/\/caririemacao.com\/1\/?p=38053"},"modified":"2018-01-19T09:21:05","modified_gmt":"2018-01-19T12:21:05","slug":"couto-disputara-reeleicao-a-camara-federal-apos-recomendacao-do-pt","status":"publish","type":"post","link":"https:\/\/www.caririemacao.com\/1\/2018\/01\/19\/couto-disputara-reeleicao-a-camara-federal-apos-recomendacao-do-pt\/","title":{"rendered":"Couto disputar\u00e1 reelei\u00e7\u00e3o \u00e0 C\u00e2mara Federal ap\u00f3s recomenda\u00e7\u00e3o do PT"},"content":{"rendered":"<p>Lembrado pelo Partido Socialista Brasileiro da Para\u00edba para disputar o Senado Federal, o deputado federal Luiz Couto tomou a decis\u00e3o de tentar a reelei\u00e7\u00e3o na C\u00e2mara Federal, afastando de vez a hip\u00f3tese senatorial.<\/p>\n<p>Luiz Couto optou pela reelei\u00e7\u00e3o depois que o diret\u00f3rio Nacional recomendou que quem tem condi\u00e7\u00f5es de renovar o mandato \u00e9 fundamental para o PT seguir com for\u00e7a na representa\u00e7\u00e3o.<\/p>\n<p>Segundo o Diret\u00f3rio, quem for senador e estiver em perigo opte pela disputa na C\u00e2mara Federal.<\/p>\n<p>Ele tomou esta decis\u00e3o tamb\u00e9m porque suas Bases estavam se dispersando com outras possibilidades.<\/p>\n<p><strong>CARIRI EM A\u00c7\u00c3O<\/strong><\/p>\n<p><em>Com Wscom\/Foto: Reprodu\u00e7\u00e3o Internet<\/em><\/p>\n<p><strong>Leia mais not\u00edcias em\u00a0<\/strong><a href=\"http:\/\/www.caririemacao.com\/\"><strong>caririemacao.com<\/strong><\/a><strong>, siga nossa p\u00e1gina no\u00a0<\/strong><a href=\"https:\/\/www.facebook.com\/CaririEmAcao\/?ref=aymt_homepage_panel\"><strong>Facebook<\/strong><\/a>,<strong>\u00a0<\/strong><a href=\"https:\/\/www.instagram.com\/cariri_em_acao\/?hl=pt-br\"><strong>Instagram<\/strong><\/a><strong>\u00a0e <\/strong><a href=\"https:\/\/www.youtube.com\/channel\/UCAptA0jQuYQy8vMhLt2m4qg\"><strong>Youtube<\/strong><\/a><strong>\u00a0e veja nossas mat\u00e9rias, v\u00eddeos e fotos. Voc\u00ea tamb\u00e9m pode enviar informa\u00e7\u00f5es \u00e0 Reda\u00e7\u00e3o do Portal Cariri em A\u00e7\u00e3o pelo WhatsApp (83) 9 9634.5791, (83) 9 9601-1162.<\/strong><\/p>\n","protected":false},"excerpt":{"rendered":"<p>Lembrado pelo Partido Socialista Brasileiro da Para\u00edba para disputar o Senado Federal, o deputado federal Luiz Couto tomou a decis\u00e3o de tentar a reelei\u00e7\u00e3o na&hellip; <\/p>\n","protected":false},"author":2,"featured_media":38054,"comment_status":"closed","ping_status":"closed","sticky":false,"template":"","format":"standard","meta":{"sfsi_plus_gutenberg_text_before_share":"","sfsi_plus_gutenberg_show_text_before_share":"","sfsi_plus_gutenberg_icon_type":"","sfsi_plus_gutenberg_icon_alignemt":"","sfsi_plus_gutenburg_max_per_row":"","footnotes":""},"categories":[11],"tags":[],"class_list":["post-38053","post","type-post","status-publish","format-standard","has-post-thumbnail","hentry","category-politica"],"_links":{"self":[{"href":"https:\/\/www.caririemacao.com\/1\/wp-json\/wp\/v2\/posts\/38053","targetHints":{"allow":["GET"]}}],"collection":[{"href":"https:\/\/www.caririemacao.com\/1\/wp-json\/wp\/v2\/posts"}],"about":[{"href":"https:\/\/www.caririemacao.com\/1\/wp-json\/wp\/v2\/types\/post"}],"author":[{"embeddable":true,"href":"https:\/\/www.caririemacao.com\/1\/wp-json\/wp\/v2\/users\/2"}],"replies":[{"embeddable":true,"href":"https:\/\/www.caririemacao.com\/1\/wp-json\/wp\/v2\/comments?post=38053"}],"version-history":[{"count":0,"href":"https:\/\/www.caririemacao.com\/1\/wp-json\/wp\/v2\/posts\/38053\/revisions"}],"wp:featuredmedia":[{"embeddable":true,"href":"https:\/\/www.caririemacao.com\/1\/wp-json\/wp\/v2\/media\/38054"}],"wp:attachment":[{"href":"https:\/\/www.caririemacao.com\/1\/wp-json\/wp\/v2\/media?parent=38053"}],"wp:term":[{"taxonomy":"category","embeddable":true,"href":"https:\/\/www.caririemacao.com\/1\/wp-json\/wp\/v2\/categories?post=38053"},{"taxonomy":"post_tag","embeddable":true,"href":"https:\/\/www.caririemacao.com\/1\/wp-json\/wp\/v2\/tags?post=38053"}],"curies":[{"name":"wp","href":"https:\/\/api.w.org\/{rel}","templated":true}]}}