{"id":38064,"date":"2018-01-18T10:41:21","date_gmt":"2018-01-18T13:41:21","guid":{"rendered":"http:\/\/caririemacao.com\/1\/?p=38064"},"modified":"2018-01-21T17:16:28","modified_gmt":"2018-01-21T20:16:28","slug":"dorgival-dantas-e-samyra-show-animarao-106-festa-de-sao-sebastiao-nesta-sexta","status":"publish","type":"post","link":"https:\/\/www.caririemacao.com\/1\/2018\/01\/18\/dorgival-dantas-e-samyra-show-animarao-106-festa-de-sao-sebastiao-nesta-sexta\/","title":{"rendered":"Dorgival Dantas e Samyra Show animar\u00e3o 106\u00b0 Festa de S\u00e3o Sebasti\u00e3o nesta sexta"},"content":{"rendered":"<p>A Prefeitura Municipal de S\u00e3o Sebasti\u00e3o do Umbuzeiro, atrav\u00e9s do prefeito Adriano Wolff, promover\u00e1 nesta sexta-feira, dia 19, a noite mais esperada da 106\u00b0 Festa de S\u00e3o Sebasti\u00e3o. A festa se encerrar\u00e1 neste s\u00e1bado, dia 20.<\/p>\n<p>A nona noite da Festa de Janeiro ser\u00e1 dedicada ao funcionalismo p\u00fablico, e contar\u00e1 com shows de Ycaro e Vit\u00f3rio, Dorgival Dantas e a diferentona Samyra Show. Haver\u00e1 ainda um palco alternativo com show da Banda Dimeliora \u2013 Rock, Pop e Reggae. A prefeitura municipal \u00e9 a respons\u00e1vel pela organiza\u00e7\u00e3o da noite.<\/p>\n<p>O Prefeito Adriano Wolff convida todos para participarem desse grandioso evento, onde esperasse um p\u00fablico de 20 mil pessoas. \u201cQuero convidar todos para participarem da noite deste dia 19, esperamos um p\u00fablico de cerca de 20 mil pessoas, e refor\u00e7amos toda estrutura da festa e a seguran\u00e7a para garantir a tranquilidade de todos os noiteiros. Ser\u00e1 uma noite inesquec\u00edvel!\u201d, disse Adriano.<\/p>\n<p>A 106\u00b0 Festa de S\u00e3o Sebasti\u00e3o \u00e9 uma realiza\u00e7\u00e3o da Par\u00f3quia de S\u00e3o Sebasti\u00e3o, Prefeitura Municipal, Comiss\u00e3o Organizadora e noiteiros.<\/p>\n<p><strong>CARIRI EM A\u00c7\u00c3O<\/strong><\/p>\n<p><em>Com Cariri da Gente\/Foto: Reprodu\u00e7\u00e3o Internet<\/em><\/p>\n<p><strong>Leia mais not\u00edcias em\u00a0<\/strong><a href=\"http:\/\/www.caririemacao.com\/\"><strong>caririemacao.com<\/strong><\/a><strong>, siga nossa p\u00e1gina no\u00a0<\/strong><a href=\"https:\/\/www.facebook.com\/CaririEmAcao\/?ref=aymt_homepage_panel\"><strong>Facebook<\/strong><\/a>,<strong>\u00a0<\/strong><a href=\"https:\/\/www.instagram.com\/cariri_em_acao\/?hl=pt-br\"><strong>Instagram<\/strong><\/a><strong>\u00a0e <\/strong><a href=\"https:\/\/www.youtube.com\/channel\/UCAptA0jQuYQy8vMhLt2m4qg\"><strong>Youtube<\/strong><\/a><strong>\u00a0e veja nossas mat\u00e9rias, v\u00eddeos e fotos. Voc\u00ea tamb\u00e9m pode enviar informa\u00e7\u00f5es \u00e0 Reda\u00e7\u00e3o do Portal Cariri em A\u00e7\u00e3o pelo WhatsApp (83) 9 9634.5791, (83) 9 9601-1162.<\/strong><\/p>\n","protected":false},"excerpt":{"rendered":"<p>A Prefeitura Municipal de S\u00e3o Sebasti\u00e3o do Umbuzeiro, atrav\u00e9s do prefeito Adriano Wolff, promover\u00e1 nesta sexta-feira, dia 19, a noite mais esperada da 106\u00b0 Festa&hellip; <\/p>\n","protected":false},"author":2,"featured_media":38065,"comment_status":"closed","ping_status":"closed","sticky":false,"template":"","format":"standard","meta":{"sfsi_plus_gutenberg_text_before_share":"","sfsi_plus_gutenberg_show_text_before_share":"","sfsi_plus_gutenberg_icon_type":"","sfsi_plus_gutenberg_icon_alignemt":"","sfsi_plus_gutenburg_max_per_row":"","footnotes":""},"categories":[6],"tags":[],"class_list":["post-38064","post","type-post","status-publish","format-standard","has-post-thumbnail","hentry","category-cidades"],"_links":{"self":[{"href":"https:\/\/www.caririemacao.com\/1\/wp-json\/wp\/v2\/posts\/38064","targetHints":{"allow":["GET"]}}],"collection":[{"href":"https:\/\/www.caririemacao.com\/1\/wp-json\/wp\/v2\/posts"}],"about":[{"href":"https:\/\/www.caririemacao.com\/1\/wp-json\/wp\/v2\/types\/post"}],"author":[{"embeddable":true,"href":"https:\/\/www.caririemacao.com\/1\/wp-json\/wp\/v2\/users\/2"}],"replies":[{"embeddable":true,"href":"https:\/\/www.caririemacao.com\/1\/wp-json\/wp\/v2\/comments?post=38064"}],"version-history":[{"count":0,"href":"https:\/\/www.caririemacao.com\/1\/wp-json\/wp\/v2\/posts\/38064\/revisions"}],"wp:featuredmedia":[{"embeddable":true,"href":"https:\/\/www.caririemacao.com\/1\/wp-json\/wp\/v2\/media\/38065"}],"wp:attachment":[{"href":"https:\/\/www.caririemacao.com\/1\/wp-json\/wp\/v2\/media?parent=38064"}],"wp:term":[{"taxonomy":"category","embeddable":true,"href":"https:\/\/www.caririemacao.com\/1\/wp-json\/wp\/v2\/categories?post=38064"},{"taxonomy":"post_tag","embeddable":true,"href":"https:\/\/www.caririemacao.com\/1\/wp-json\/wp\/v2\/tags?post=38064"}],"curies":[{"name":"wp","href":"https:\/\/api.w.org\/{rel}","templated":true}]}}