{"id":38067,"date":"2018-01-19T10:56:53","date_gmt":"2018-01-19T13:56:53","guid":{"rendered":"http:\/\/caririemacao.com\/1\/?p=38067"},"modified":"2018-01-19T10:56:53","modified_gmt":"2018-01-19T13:56:53","slug":"fim-do-auxilio-moradia-para-juizes-e-politicos-aguarda-indicacao-de-relator-na-ccj","status":"publish","type":"post","link":"https:\/\/www.caririemacao.com\/1\/2018\/01\/19\/fim-do-auxilio-moradia-para-juizes-e-politicos-aguarda-indicacao-de-relator-na-ccj\/","title":{"rendered":"Fim do aux\u00edlio-moradia para ju\u00edzes e pol\u00edticos aguarda indica\u00e7\u00e3o de relator na CCJ"},"content":{"rendered":"<p>A administra\u00e7\u00e3o p\u00fablica pode deixar de pagar aux\u00edlio-moradia para parlamentares, ministros, ju\u00edzes e membros do Minist\u00e9rio P\u00fablico. Esse \u00e9 o objetivo de uma proposta de emenda \u00e0 Constitui\u00e7\u00e3o apresentada pelo senador Randolfe Rodrigues (Rede-AP) no final de 2017. Por ser considerado indenizat\u00f3rio, esse tipo de aux\u00edlio, que pode superar os R$ 4 mil, n\u00e3o \u00e9 contabilizado no teto de remunera\u00e7\u00e3o do servi\u00e7o p\u00fablico, de R$ 33,7 mil.<\/p>\n<p>&#8220;Nada mais \u00e9, nos dias atuais, do que uma esp\u00e9cie de fraude e de amplia\u00e7\u00e3o irregular dos gastos p\u00fablicos, bem como de aumento de privil\u00e9gios daqueles agentes p\u00fablicos que j\u00e1 t\u00eam remunera\u00e7\u00e3o muito acima da dos brasileiros comuns&#8221;, afirma Randolfe Rodrigues na justificativa da PEC. Para ele, esse pagamento \u00e9 uma forma de burlar o teto remunerat\u00f3rio.<\/p>\n<p>Randolfe classifica como ainda mais ofensivo \u00e0 sociedade o fato de o aux\u00edlio-moradia para magistrados e integrantes do Minist\u00e9rio P\u00fablico ter sido concedido pelos pr\u00f3prios \u00f3rg\u00e3os as que eles pertencem, sem qualquer delibera\u00e7\u00e3o do Congresso Nacional.<\/p>\n<p>De acordo com a\u00a0PEC 41\/2017, receber\u00e3o um subs\u00eddio fixado em parcela \u00fanica membros de Poder, detentores de mandato eletivo, ministros e secret\u00e1rios estaduais e municipais. O texto pro\u00edbe o acr\u00e9scimo de qualquer gratifica\u00e7\u00e3o, adicional, abono, pr\u00eamio, verba de representa\u00e7\u00e3o ou outra esp\u00e9cie de remunera\u00e7\u00e3o, inclusive o aux\u00edlio-moradia ou equivalente.<\/p>\n<p>Na justificativa do texto, que aguarda designa\u00e7\u00e3o de relator na Comiss\u00e3o de Constitui\u00e7\u00e3o, Justi\u00e7a e Cidadania (CCJ), Randolfe lembrou que o fim do aux\u00edlio-moradia \u00e9 uma demanda da sociedade. O fim desse pagamento \u00e9 tema de \u00a0v\u00e1rias ideias legislativas apresentadas por cidad\u00e3os ao Senado, por meio do portal\u00a0e-Cidadania. As ideias que conseguem 20 mil apoiadores passam a ser analisadas como sugest\u00f5es legislativas pela Comiss\u00e3o de Direitos Humanos e Legisla\u00e7\u00e3o Participativa (CDH).<\/p>\n<p>Uma dessas ideias que sugerem o fim do aux\u00edlio moradia para parlamentares e ju\u00edzes j\u00e1 conquistou mais de\u00a0250 mil\u00a0apoiadores. A meta de 20 mil apoios foi alcan\u00e7ada em menos de 24 horas. Na consulta p\u00fablica do portal, a sugest\u00e3o\u00a030\/2011, resultante dessa ideia, tem mais de 885 mil de votos &#8220;sim&#8221;, contra cerca de 4,4 mil de votos &#8220;n\u00e3o&#8221;.<\/p>\n<p><strong>CARIRI EM A\u00c7\u00c3O<\/strong><\/p>\n<p><em>Com Agencia Senado\/Foto: Reprodu\u00e7\u00e3o Internet<\/em><\/p>\n<p><strong>Leia mais not\u00edcias em\u00a0<\/strong><a href=\"http:\/\/www.caririemacao.com\/\"><strong>caririemacao.com<\/strong><\/a><strong>, siga nossa p\u00e1gina no\u00a0<\/strong><a href=\"https:\/\/www.facebook.com\/CaririEmAcao\/?ref=aymt_homepage_panel\"><strong>Facebook<\/strong><\/a>,<strong>\u00a0<\/strong><a href=\"https:\/\/www.instagram.com\/cariri_em_acao\/?hl=pt-br\"><strong>Instagram<\/strong><\/a><strong>\u00a0e <\/strong><a href=\"https:\/\/www.youtube.com\/channel\/UCAptA0jQuYQy8vMhLt2m4qg\"><strong>Youtube<\/strong><\/a><strong>\u00a0e veja nossas mat\u00e9rias, v\u00eddeos e fotos. Voc\u00ea tamb\u00e9m pode enviar informa\u00e7\u00f5es \u00e0 Reda\u00e7\u00e3o do Portal Cariri em A\u00e7\u00e3o pelo WhatsApp (83) 9 9634.5791, (83) 9 9601-1162.<\/strong><\/p>\n","protected":false},"excerpt":{"rendered":"<p>A administra\u00e7\u00e3o p\u00fablica pode deixar de pagar aux\u00edlio-moradia para parlamentares, ministros, ju\u00edzes e membros do Minist\u00e9rio P\u00fablico. Esse \u00e9 o objetivo de uma proposta de&hellip; <\/p>\n","protected":false},"author":2,"featured_media":38068,"comment_status":"closed","ping_status":"closed","sticky":false,"template":"","format":"standard","meta":{"sfsi_plus_gutenberg_text_before_share":"","sfsi_plus_gutenberg_show_text_before_share":"","sfsi_plus_gutenberg_icon_type":"","sfsi_plus_gutenberg_icon_alignemt":"","sfsi_plus_gutenburg_max_per_row":"","footnotes":""},"categories":[11],"tags":[],"class_list":["post-38067","post","type-post","status-publish","format-standard","has-post-thumbnail","hentry","category-politica"],"_links":{"self":[{"href":"https:\/\/www.caririemacao.com\/1\/wp-json\/wp\/v2\/posts\/38067","targetHints":{"allow":["GET"]}}],"collection":[{"href":"https:\/\/www.caririemacao.com\/1\/wp-json\/wp\/v2\/posts"}],"about":[{"href":"https:\/\/www.caririemacao.com\/1\/wp-json\/wp\/v2\/types\/post"}],"author":[{"embeddable":true,"href":"https:\/\/www.caririemacao.com\/1\/wp-json\/wp\/v2\/users\/2"}],"replies":[{"embeddable":true,"href":"https:\/\/www.caririemacao.com\/1\/wp-json\/wp\/v2\/comments?post=38067"}],"version-history":[{"count":0,"href":"https:\/\/www.caririemacao.com\/1\/wp-json\/wp\/v2\/posts\/38067\/revisions"}],"wp:featuredmedia":[{"embeddable":true,"href":"https:\/\/www.caririemacao.com\/1\/wp-json\/wp\/v2\/media\/38068"}],"wp:attachment":[{"href":"https:\/\/www.caririemacao.com\/1\/wp-json\/wp\/v2\/media?parent=38067"}],"wp:term":[{"taxonomy":"category","embeddable":true,"href":"https:\/\/www.caririemacao.com\/1\/wp-json\/wp\/v2\/categories?post=38067"},{"taxonomy":"post_tag","embeddable":true,"href":"https:\/\/www.caririemacao.com\/1\/wp-json\/wp\/v2\/tags?post=38067"}],"curies":[{"name":"wp","href":"https:\/\/api.w.org\/{rel}","templated":true}]}}