{"id":38070,"date":"2018-01-19T10:58:57","date_gmt":"2018-01-19T13:58:57","guid":{"rendered":"http:\/\/caririemacao.com\/1\/?p=38070"},"modified":"2018-01-19T10:58:57","modified_gmt":"2018-01-19T13:58:57","slug":"deputado-revela-com-qual-partido-esta-mais-afinado-para-ingressar","status":"publish","type":"post","link":"https:\/\/www.caririemacao.com\/1\/2018\/01\/19\/deputado-revela-com-qual-partido-esta-mais-afinado-para-ingressar\/","title":{"rendered":"Deputado revela com qual partido est\u00e1 mais afinado para ingressar"},"content":{"rendered":"<p>Ap\u00f3s ser expulso do Avante, o deputado In\u00e1cio Falc\u00e3o disse em entrevista \u00e0 R\u00e1dio Panor\u00e2mica FM, que j\u00e1 recebeu convites de aproximadamente oito legendas para se filiar, dentre elas PSB, Rede, PCdoB, MDB, PT, PSC, Podemos, DEM e PPS.<\/p>\n<p>\u2013 Todos esses partidos me formalizaram o convite. O \u00fanico que n\u00e3o me convidou para ficar foi o Avante \u2013 disse.<\/p>\n<p>Segundo ele, o partido em que as conversa\u00e7\u00f5es avan\u00e7aram mais foi o PPS, presidido no estado pelo secret\u00e1rio do Estado Nonato Bandeira.<\/p>\n<p>\u2013 Tive v\u00e1rias reuni\u00f5es com Nonato e integrantes do partido. A tend\u00eancia melhor e maior ser\u00e1 o PPS \u2013 disse.<\/p>\n<p>Caso n\u00e3o se concretize a ida para o PPS, In\u00e1cio revelou que tem como op\u00e7\u00e3o o Rede ou o PSB.<\/p>\n<p><strong>CARIRI EM A\u00c7\u00c3O<\/strong><\/p>\n<p><em>Com PB Online\/Foto: Reprodu\u00e7\u00e3o Internet<\/em><\/p>\n<p><strong>Leia mais not\u00edcias em\u00a0<\/strong><a href=\"http:\/\/www.caririemacao.com\/\"><strong>caririemacao.com<\/strong><\/a><strong>, siga nossa p\u00e1gina no\u00a0<\/strong><a href=\"https:\/\/www.facebook.com\/CaririEmAcao\/?ref=aymt_homepage_panel\"><strong>Facebook<\/strong><\/a>,<strong>\u00a0<\/strong><a href=\"https:\/\/www.instagram.com\/cariri_em_acao\/?hl=pt-br\"><strong>Instagram<\/strong><\/a><strong>\u00a0e <\/strong><a href=\"https:\/\/www.youtube.com\/channel\/UCAptA0jQuYQy8vMhLt2m4qg\"><strong>Youtube<\/strong><\/a><strong>\u00a0e veja nossas mat\u00e9rias, v\u00eddeos e fotos. Voc\u00ea tamb\u00e9m pode enviar informa\u00e7\u00f5es \u00e0 Reda\u00e7\u00e3o do Portal Cariri em A\u00e7\u00e3o pelo WhatsApp (83) 9 9634.5791, (83) 9 9601-1162<\/strong><\/p>\n","protected":false},"excerpt":{"rendered":"<p>Ap\u00f3s ser expulso do Avante, o deputado In\u00e1cio Falc\u00e3o disse em entrevista \u00e0 R\u00e1dio Panor\u00e2mica FM, que j\u00e1 recebeu convites de aproximadamente oito legendas para&hellip; <\/p>\n","protected":false},"author":2,"featured_media":38071,"comment_status":"closed","ping_status":"closed","sticky":false,"template":"","format":"standard","meta":{"sfsi_plus_gutenberg_text_before_share":"","sfsi_plus_gutenberg_show_text_before_share":"","sfsi_plus_gutenberg_icon_type":"","sfsi_plus_gutenberg_icon_alignemt":"","sfsi_plus_gutenburg_max_per_row":"","footnotes":""},"categories":[11],"tags":[],"class_list":["post-38070","post","type-post","status-publish","format-standard","has-post-thumbnail","hentry","category-politica"],"_links":{"self":[{"href":"https:\/\/www.caririemacao.com\/1\/wp-json\/wp\/v2\/posts\/38070","targetHints":{"allow":["GET"]}}],"collection":[{"href":"https:\/\/www.caririemacao.com\/1\/wp-json\/wp\/v2\/posts"}],"about":[{"href":"https:\/\/www.caririemacao.com\/1\/wp-json\/wp\/v2\/types\/post"}],"author":[{"embeddable":true,"href":"https:\/\/www.caririemacao.com\/1\/wp-json\/wp\/v2\/users\/2"}],"replies":[{"embeddable":true,"href":"https:\/\/www.caririemacao.com\/1\/wp-json\/wp\/v2\/comments?post=38070"}],"version-history":[{"count":0,"href":"https:\/\/www.caririemacao.com\/1\/wp-json\/wp\/v2\/posts\/38070\/revisions"}],"wp:featuredmedia":[{"embeddable":true,"href":"https:\/\/www.caririemacao.com\/1\/wp-json\/wp\/v2\/media\/38071"}],"wp:attachment":[{"href":"https:\/\/www.caririemacao.com\/1\/wp-json\/wp\/v2\/media?parent=38070"}],"wp:term":[{"taxonomy":"category","embeddable":true,"href":"https:\/\/www.caririemacao.com\/1\/wp-json\/wp\/v2\/categories?post=38070"},{"taxonomy":"post_tag","embeddable":true,"href":"https:\/\/www.caririemacao.com\/1\/wp-json\/wp\/v2\/tags?post=38070"}],"curies":[{"name":"wp","href":"https:\/\/api.w.org\/{rel}","templated":true}]}}