{"id":38091,"date":"2018-01-19T14:48:33","date_gmt":"2018-01-19T17:48:33","guid":{"rendered":"http:\/\/caririemacao.com\/1\/?p=38091"},"modified":"2018-01-19T14:48:33","modified_gmt":"2018-01-19T17:48:33","slug":"dez-municipios-paraibanos-podem-ter-os-recursos-do-fpm-bloqueados","status":"publish","type":"post","link":"https:\/\/www.caririemacao.com\/1\/2018\/01\/19\/dez-municipios-paraibanos-podem-ter-os-recursos-do-fpm-bloqueados\/","title":{"rendered":"Dez munic\u00edpios paraibanos podem ter os recursos do FPM bloqueados"},"content":{"rendered":"<p>Treze munic\u00edpios paraibanos podem n\u00e3o receber a segunda parcela do Fundo de Participa\u00e7\u00e3o dos Munic\u00edpios (FPM) de janeiro, cujo cr\u00e9dito est\u00e1 previsto para o pr\u00f3ximo dia 20. Essas cidades fazem parte do grupo de munic\u00edpios com pend\u00eancias junto ao Governo Federal. A solicita\u00e7\u00e3o de bloqueio pode ocorrer a pedido da Secretaria da Receita Federal, Procuradoria Geral da Fazenda Nacional ou pelo Minist\u00e9rio do Planejamento.<\/p>\n<p>Constam na lista disponibilizada pelo Sistema Integrado de Administra\u00e7\u00e3o Financeira do Governo Federal (Siafi) as cidades de Alhandra, Bayeux, Belem, Caapor\u00e3, Caldas Brand\u00e3o, Casserengue, Cuitegi, Marca\u00e7\u00e3o, Mogeiro, Patos, Pitimbu, S\u00e3o Jo\u00e3o do Tigre e Sap\u00e9.<\/p>\n<p>Na maioria dos casos, s\u00e3o identificados d\u00e9bitos por inadimpl\u00eancia no Regime Geral de Previd\u00eancia Social (RGPS), ou por inadimpl\u00eancia do Programa de Forma\u00e7\u00e3o do Patrim\u00f4nio do Servidor P\u00fablico (PASEP), na RFB.<\/p>\n<p>A reten\u00e7\u00e3o do recurso \u00e9 geralmente efetuada no dia 13, impedindo a libera\u00e7\u00e3o dos recursos dos dias 20 e 30 do m\u00eas at\u00e9 a sua regulariza\u00e7\u00e3o.<\/p>\n<p>Para obter a libera\u00e7\u00e3o do recurso retido, \u00e9 necess\u00e1rio contatar o \u00f3rg\u00e3o regional\u00a0 respons\u00e1vel pela reten\u00e7\u00e3o. Para o caso de reten\u00e7\u00e3o do PASEP, o munic\u00edpio dever\u00e1 regularizar sua situa\u00e7\u00e3o na Delegacia Regional da Receita Federal do Brasil que, por sua vez, providenciar\u00e1 a regulariza\u00e7\u00e3o.<\/p>\n<p>Conforme informa\u00e7\u00f5es disponibilizadas pela Secretaria do Tesouro Nacional (STN), os recursos estar\u00e3o dispon\u00edveis no primeiro dia \u00fatil subsequente \u00e0 autoriza\u00e7\u00e3o da Coordena\u00e7\u00e3o-Geral de Cobran\u00e7a do RGPS ao Banco do Brasil. Os mesmos procedimentos e prazos ser\u00e3o para os casos de inadimpl\u00eancia na RFB e na Procuradoria-Geral da Fazenda Nacional (PGFN).<\/p>\n<p><a href=\"http:\/\/caririemacao.com\/1\/wp-content\/uploads\/2018\/01\/Siafi.jpg\"><img fetchpriority=\"high\" decoding=\"async\" class=\"aligncenter size-full wp-image-38093\" src=\"http:\/\/caririemacao.com\/1\/wp-content\/uploads\/2018\/01\/Siafi.jpg\" alt=\"\" width=\"933\" height=\"645\" srcset=\"https:\/\/www.caririemacao.com\/1\/wp-content\/uploads\/2018\/01\/Siafi.jpg 933w, https:\/\/www.caririemacao.com\/1\/wp-content\/uploads\/2018\/01\/Siafi-300x207.jpg 300w, https:\/\/www.caririemacao.com\/1\/wp-content\/uploads\/2018\/01\/Siafi-768x531.jpg 768w, https:\/\/www.caririemacao.com\/1\/wp-content\/uploads\/2018\/01\/Siafi-392x272.jpg 392w, https:\/\/www.caririemacao.com\/1\/wp-content\/uploads\/2018\/01\/Siafi-130x90.jpg 130w\" sizes=\"(max-width: 933px) 100vw, 933px\" \/><\/a><strong>CARIRI EM A\u00c7\u00c3O<\/strong><\/p>\n<p><em>Com Blog do Gordinho\/Foto: Reprodu\u00e7\u00e3o google<\/em><\/p>\n<p><strong>Leia mais not\u00edcias em\u00a0<\/strong><a href=\"http:\/\/www.caririemacao.com\/\"><strong>caririemacao.com<\/strong><\/a><strong>, siga nossa p\u00e1gina no\u00a0<\/strong><a href=\"https:\/\/www.facebook.com\/CaririEmAcao\/?ref=aymt_homepage_panel\"><strong>Facebook<\/strong><\/a>,<strong>\u00a0<\/strong><a href=\"https:\/\/www.instagram.com\/cariri_em_acao\/?hl=pt-br\"><strong>Instagram<\/strong><\/a><strong>\u00a0e\u00a0<\/strong><a href=\"https:\/\/www.youtube.com\/channel\/UCAptA0jQuYQy8vMhLt2m4qg\"><strong>Youtube<\/strong><\/a><strong>\u00a0e veja nossas mat\u00e9rias, v\u00eddeos e fotos. Voc\u00ea tamb\u00e9m pode enviar informa\u00e7\u00f5es \u00e0 Reda\u00e7\u00e3o do Portal Cariri em A\u00e7\u00e3o pelo WhatsApp (83) 9 9634.5791, (83) 9 9601-1162<\/strong><\/p>\n","protected":false},"excerpt":{"rendered":"<p>Treze munic\u00edpios paraibanos podem n\u00e3o receber a segunda parcela do Fundo de Participa\u00e7\u00e3o dos Munic\u00edpios (FPM) de janeiro, cujo cr\u00e9dito est\u00e1 previsto para o pr\u00f3ximo&hellip; <\/p>\n","protected":false},"author":2,"featured_media":15356,"comment_status":"closed","ping_status":"closed","sticky":false,"template":"","format":"standard","meta":{"sfsi_plus_gutenberg_text_before_share":"","sfsi_plus_gutenberg_show_text_before_share":"","sfsi_plus_gutenberg_icon_type":"","sfsi_plus_gutenberg_icon_alignemt":"","sfsi_plus_gutenburg_max_per_row":"","footnotes":""},"categories":[2],"tags":[],"class_list":["post-38091","post","type-post","status-publish","format-standard","has-post-thumbnail","hentry","category-geral"],"_links":{"self":[{"href":"https:\/\/www.caririemacao.com\/1\/wp-json\/wp\/v2\/posts\/38091","targetHints":{"allow":["GET"]}}],"collection":[{"href":"https:\/\/www.caririemacao.com\/1\/wp-json\/wp\/v2\/posts"}],"about":[{"href":"https:\/\/www.caririemacao.com\/1\/wp-json\/wp\/v2\/types\/post"}],"author":[{"embeddable":true,"href":"https:\/\/www.caririemacao.com\/1\/wp-json\/wp\/v2\/users\/2"}],"replies":[{"embeddable":true,"href":"https:\/\/www.caririemacao.com\/1\/wp-json\/wp\/v2\/comments?post=38091"}],"version-history":[{"count":0,"href":"https:\/\/www.caririemacao.com\/1\/wp-json\/wp\/v2\/posts\/38091\/revisions"}],"wp:featuredmedia":[{"embeddable":true,"href":"https:\/\/www.caririemacao.com\/1\/wp-json\/wp\/v2\/media\/15356"}],"wp:attachment":[{"href":"https:\/\/www.caririemacao.com\/1\/wp-json\/wp\/v2\/media?parent=38091"}],"wp:term":[{"taxonomy":"category","embeddable":true,"href":"https:\/\/www.caririemacao.com\/1\/wp-json\/wp\/v2\/categories?post=38091"},{"taxonomy":"post_tag","embeddable":true,"href":"https:\/\/www.caririemacao.com\/1\/wp-json\/wp\/v2\/tags?post=38091"}],"curies":[{"name":"wp","href":"https:\/\/api.w.org\/{rel}","templated":true}]}}