{"id":38096,"date":"2018-01-19T18:59:46","date_gmt":"2018-01-19T21:59:46","guid":{"rendered":"http:\/\/caririemacao.com\/1\/?p=38096"},"modified":"2018-01-19T18:59:46","modified_gmt":"2018-01-19T21:59:46","slug":"lenilson-bezerra-e-eleito-presidente-da-camara-de-congo","status":"publish","type":"post","link":"https:\/\/www.caririemacao.com\/1\/2018\/01\/19\/lenilson-bezerra-e-eleito-presidente-da-camara-de-congo\/","title":{"rendered":"Lenilson Bezerra \u00e9 eleito presidente da C\u00e2mara de Congo"},"content":{"rendered":"<p>O vereador Lenilson Bezerra da Silva (PSB) foi eleito presidente da C\u00e2mara Municipal de Congo para o bi\u00eanio 2019-2020.<\/p>\n<p>A elei\u00e7\u00e3o foi realizada na noite desta quinta-feira, dia 18, na sede do Poder Legislativo e ficou com a seguinte composi\u00e7\u00e3o a Mesa Diretora:<\/p>\n<p>Presidente: Lenilson Bezerra<\/p>\n<p>Vice-presidente: Agnaldo Alves<\/p>\n<p>Secret\u00e1rio: Juc\u00e9lio Quintans<\/p>\n<p>2\u00ba secret\u00e1rio: Aderaldo Pereira<\/p>\n<p>Lenilson ainda contou com o voto do seu colega vereador Jorge Bedeu e o apoio do ex-prefeito e l\u00edder politico na cidade, Romualdo Quirino.<\/p>\n<p>Essa \u00e9 segunda vez que Lenilson assume a presid\u00eancia da C\u00e2mara Municipal.<\/p>\n<p><strong>CARIRI EM A\u00c7\u00c3O<\/strong><\/p>\n<p><em>Reda\u00e7\u00e3o Cariri em A\u00e7\u00e3o\u00a0<\/em><\/p>\n<p><strong>Leia mais not\u00edcias em\u00a0<\/strong><a href=\"http:\/\/www.caririemacao.com\/\"><strong>caririemacao.com<\/strong><\/a><strong>, siga nossa p\u00e1gina no\u00a0<\/strong><a href=\"https:\/\/www.facebook.com\/CaririEmAcao\/?ref=aymt_homepage_panel\"><strong>Facebook<\/strong><\/a>,<strong>\u00a0<\/strong><a href=\"https:\/\/www.instagram.com\/cariri_em_acao\/?hl=pt-br\"><strong>Instagram<\/strong><\/a><strong>\u00a0e <\/strong><a href=\"https:\/\/www.youtube.com\/channel\/UCAptA0jQuYQy8vMhLt2m4qg\"><strong>Youtube<\/strong><\/a><strong>\u00a0e veja nossas mat\u00e9rias, v\u00eddeos e fotos. Voc\u00ea tamb\u00e9m pode enviar informa\u00e7\u00f5es \u00e0 Reda\u00e7\u00e3o do Portal Cariri em A\u00e7\u00e3o pelo WhatsApp (83) 9 9634.5791, (83) 9 9601-1162.<\/strong><\/p>\n<p>&nbsp;<\/p>\n","protected":false},"excerpt":{"rendered":"<p>O vereador Lenilson Bezerra da Silva (PSB) foi eleito presidente da C\u00e2mara Municipal de Congo para o bi\u00eanio 2019-2020. A elei\u00e7\u00e3o foi realizada na noite&hellip; <\/p>\n","protected":false},"author":2,"featured_media":16586,"comment_status":"closed","ping_status":"closed","sticky":false,"template":"","format":"standard","meta":{"sfsi_plus_gutenberg_text_before_share":"","sfsi_plus_gutenberg_show_text_before_share":"","sfsi_plus_gutenberg_icon_type":"","sfsi_plus_gutenberg_icon_alignemt":"","sfsi_plus_gutenburg_max_per_row":"","footnotes":""},"categories":[11],"tags":[],"class_list":["post-38096","post","type-post","status-publish","format-standard","has-post-thumbnail","hentry","category-politica"],"_links":{"self":[{"href":"https:\/\/www.caririemacao.com\/1\/wp-json\/wp\/v2\/posts\/38096","targetHints":{"allow":["GET"]}}],"collection":[{"href":"https:\/\/www.caririemacao.com\/1\/wp-json\/wp\/v2\/posts"}],"about":[{"href":"https:\/\/www.caririemacao.com\/1\/wp-json\/wp\/v2\/types\/post"}],"author":[{"embeddable":true,"href":"https:\/\/www.caririemacao.com\/1\/wp-json\/wp\/v2\/users\/2"}],"replies":[{"embeddable":true,"href":"https:\/\/www.caririemacao.com\/1\/wp-json\/wp\/v2\/comments?post=38096"}],"version-history":[{"count":0,"href":"https:\/\/www.caririemacao.com\/1\/wp-json\/wp\/v2\/posts\/38096\/revisions"}],"wp:featuredmedia":[{"embeddable":true,"href":"https:\/\/www.caririemacao.com\/1\/wp-json\/wp\/v2\/media\/16586"}],"wp:attachment":[{"href":"https:\/\/www.caririemacao.com\/1\/wp-json\/wp\/v2\/media?parent=38096"}],"wp:term":[{"taxonomy":"category","embeddable":true,"href":"https:\/\/www.caririemacao.com\/1\/wp-json\/wp\/v2\/categories?post=38096"},{"taxonomy":"post_tag","embeddable":true,"href":"https:\/\/www.caririemacao.com\/1\/wp-json\/wp\/v2\/tags?post=38096"}],"curies":[{"name":"wp","href":"https:\/\/api.w.org\/{rel}","templated":true}]}}