{"id":38101,"date":"2018-01-19T19:19:03","date_gmt":"2018-01-19T22:19:03","guid":{"rendered":"http:\/\/caririemacao.com\/1\/?p=38101"},"modified":"2018-01-19T19:19:03","modified_gmt":"2018-01-19T22:19:03","slug":"collor-anuncia-que-e-pre-candidato-a-presidencia","status":"publish","type":"post","link":"https:\/\/www.caririemacao.com\/1\/2018\/01\/19\/collor-anuncia-que-e-pre-candidato-a-presidencia\/","title":{"rendered":"Collor anuncia que \u00e9 pr\u00e9-candidato \u00e0 Presid\u00eancia"},"content":{"rendered":"<p>O senador Fernando Collor de Mello (PTC-AL) anunciou nesta sexta-feira, 19, que pretende se candidatar novamente \u00e0 Presid\u00eancia da Rep\u00fablica nas elei\u00e7\u00f5es gerais deste ano.<\/p>\n<p>\u201cDigo a voc\u00eas que esse \u00e9 um dos momentos mais importantes da minha vida pessoal. Hoje, a minha decis\u00e3o est\u00e1 tomada: sou, sim, pr\u00e9-candidato \u00e0 Presid\u00eancia da Rep\u00fablica\u201d, afirmou o senador alagoano, que participou de um evento na cidade de Arapiraca, no interior do Estado, com a prefeita, C\u00e9lia Rocha (PTB).<\/p>\n<p>Apelidado de \u2018ca\u00e7ador de maraj\u00e1s\u2019, Collor venceu em 1989 a primeira elei\u00e7\u00e3o direta ap\u00f3s a redemocratiza\u00e7\u00e3o do Pa\u00eds, derrotando v\u00e1rios candidatos, entre eles Leonel Brizola (PDT), Ulysses Guimar\u00e3es (PMDB) e o ex-presidente Luiz In\u00e1cio Lula da Silva (PT), com quem disputou o segundo turno.<\/p>\n<p>Collor \u00e9 r\u00e9u da Opera\u00e7\u00e3o Lava Jato por corrup\u00e7\u00e3o passiva, lavagem de dinheiro e organiza\u00e7\u00e3o criminosa. Em agosto de 2017, o Supremo Tribunal Federal (STF) aceitou a den\u00fancia do ent\u00e3o procurador-geral da Rep\u00fablica, Rodrigo Janot, contra o pol\u00edtico. Ele teria recebido ao menos R$ 29 milh\u00f5es em propinas, apenas entre 2010 e 2014. A defesa do senador nega as acusa\u00e7\u00f5es e diz que vai provar sua inoc\u00eancia.<\/p>\n<p>Ele comandou o pa\u00eds entre 1990 e 1992, quando renunciou \u00e0 Presid\u00eancia em 29 de dezembro, antes mesmo que o processo de impeachment fosse aprovado. Depois, o Congresso Nacional julgou Collor culpado pelo crime de responsabilidade e cassou seus direitos pol\u00edticos, tornando-o ineleg\u00edvel durante oito anos. Tentou concorrer \u00e0 Prefeitura de S\u00e3o Paulo em 2000, mas foi impedido pelo Tribunal Superior Eleitoral (TSE).<\/p>\n<p>Em 2002, Collor disputou o governo do Estado de Alagoas e foi derrotado pelo ent\u00e3o governador Ronaldo Lessa. Em 2006, foi eleito senador do Estado e, em 2010, tentou novamente ser eleito governador e perdeu a elei\u00e7\u00e3o para Teot\u00f4nio Vilela Filho (PSDB). Foi reeleito senador por Alagoas em 2014, com 55,69% dos votos v\u00e1lidos.<\/p>\n<p><strong>CARIRI EM A\u00c7\u00c3O<\/strong><\/p>\n<p><em>Com Cariri Ligado\/Foto:\u00a0Cariri Ligado<\/em><\/p>\n<p><strong>Leia mais not\u00edcias em\u00a0<\/strong><a href=\"http:\/\/www.caririemacao.com\/\"><strong>caririemacao.com<\/strong><\/a><strong>, siga nossa p\u00e1gina no\u00a0<\/strong><a href=\"https:\/\/www.facebook.com\/CaririEmAcao\/?ref=aymt_homepage_panel\"><strong>Facebook<\/strong><\/a>,<strong>\u00a0<\/strong><a href=\"https:\/\/www.instagram.com\/cariri_em_acao\/?hl=pt-br\"><strong>Instagram<\/strong><\/a><strong>\u00a0e\u00a0<\/strong><a href=\"https:\/\/www.youtube.com\/channel\/UCAptA0jQuYQy8vMhLt2m4qg\"><strong>Youtube<\/strong><\/a><strong>\u00a0e veja nossas mat\u00e9rias, v\u00eddeos e fotos. Voc\u00ea tamb\u00e9m pode enviar informa\u00e7\u00f5es \u00e0 Reda\u00e7\u00e3o do Portal Cariri em A\u00e7\u00e3o pelo WhatsApp (83) 9 9634.5791, (83) 9 9601-1162.<\/strong><\/p>\n","protected":false},"excerpt":{"rendered":"<p>O senador Fernando Collor de Mello (PTC-AL) anunciou nesta sexta-feira, 19, que pretende se candidatar novamente \u00e0 Presid\u00eancia da Rep\u00fablica nas elei\u00e7\u00f5es gerais deste ano.&hellip; <\/p>\n","protected":false},"author":2,"featured_media":38102,"comment_status":"closed","ping_status":"closed","sticky":false,"template":"","format":"standard","meta":{"sfsi_plus_gutenberg_text_before_share":"","sfsi_plus_gutenberg_show_text_before_share":"","sfsi_plus_gutenberg_icon_type":"","sfsi_plus_gutenberg_icon_alignemt":"","sfsi_plus_gutenburg_max_per_row":"","footnotes":""},"categories":[11],"tags":[],"class_list":["post-38101","post","type-post","status-publish","format-standard","has-post-thumbnail","hentry","category-politica"],"_links":{"self":[{"href":"https:\/\/www.caririemacao.com\/1\/wp-json\/wp\/v2\/posts\/38101","targetHints":{"allow":["GET"]}}],"collection":[{"href":"https:\/\/www.caririemacao.com\/1\/wp-json\/wp\/v2\/posts"}],"about":[{"href":"https:\/\/www.caririemacao.com\/1\/wp-json\/wp\/v2\/types\/post"}],"author":[{"embeddable":true,"href":"https:\/\/www.caririemacao.com\/1\/wp-json\/wp\/v2\/users\/2"}],"replies":[{"embeddable":true,"href":"https:\/\/www.caririemacao.com\/1\/wp-json\/wp\/v2\/comments?post=38101"}],"version-history":[{"count":0,"href":"https:\/\/www.caririemacao.com\/1\/wp-json\/wp\/v2\/posts\/38101\/revisions"}],"wp:featuredmedia":[{"embeddable":true,"href":"https:\/\/www.caririemacao.com\/1\/wp-json\/wp\/v2\/media\/38102"}],"wp:attachment":[{"href":"https:\/\/www.caririemacao.com\/1\/wp-json\/wp\/v2\/media?parent=38101"}],"wp:term":[{"taxonomy":"category","embeddable":true,"href":"https:\/\/www.caririemacao.com\/1\/wp-json\/wp\/v2\/categories?post=38101"},{"taxonomy":"post_tag","embeddable":true,"href":"https:\/\/www.caririemacao.com\/1\/wp-json\/wp\/v2\/tags?post=38101"}],"curies":[{"name":"wp","href":"https:\/\/api.w.org\/{rel}","templated":true}]}}