{"id":38104,"date":"2018-01-19T19:25:48","date_gmt":"2018-01-19T22:25:48","guid":{"rendered":"http:\/\/caririemacao.com\/1\/?p=38104"},"modified":"2018-01-19T19:25:48","modified_gmt":"2018-01-19T22:25:48","slug":"chove-forte-no-cariri-paraibano","status":"publish","type":"post","link":"https:\/\/www.caririemacao.com\/1\/2018\/01\/19\/chove-forte-no-cariri-paraibano\/","title":{"rendered":"Chove forte no Cariri paraibano"},"content":{"rendered":"<p>Choveu forte na tarde desta sexta-feira, 19, v\u00e9spera de S\u00e3o Sebasti\u00e3o, em v\u00e1rias cidades do Cariri paraibano, a exemplo de Monteiro, Camala\u00fa, Congo, S\u00e3o Domingos do Cariri, Boqueir\u00e3o, Cara\u00fabas e Zabel\u00ea.<\/p>\n<p>Em Monteiro, choveu cerca de 40 mil\u00edmetros, e causou alagamentos em ruas e transtornos para alguns moradores, como mostram as imagens acima.<\/p>\n<p>O Rio Para\u00edba recebeu uma forte recarga de \u00e1gua no trecho a partir de S\u00e3o Domingos do Cariri. A \u00e1gua segue para o a\u00e7ude Epit\u00e1cio Pessoa, em Boqueir\u00e3o.<\/p>\n<p>A previs\u00e3o segundo a Ag\u00eancia Executiva de \u00c1guas do Estado da Para\u00edba \u2013 AESA, e que as chuvas continuem ocorrendo durante este fim de semana em v\u00e1rias regi\u00f5es do Estado.<\/p>\n<p><strong>CARIRI EM A\u00c7\u00c3O<\/strong><\/p>\n<p><em>Com PB Online\/Foto: Reprodu\u00e7\u00e3o google<\/em><\/p>\n<p><strong>Leia mais not\u00edcias em\u00a0<\/strong><a href=\"http:\/\/www.caririemacao.com\/\"><strong>caririemacao.com<\/strong><\/a><strong>, siga nossa p\u00e1gina no\u00a0<\/strong><a href=\"https:\/\/www.facebook.com\/CaririEmAcao\/?ref=aymt_homepage_panel\"><strong>Facebook<\/strong><\/a>,<strong>\u00a0<\/strong><a href=\"https:\/\/www.instagram.com\/cariri_em_acao\/?hl=pt-br\"><strong>Instagram<\/strong><\/a><strong>\u00a0e\u00a0<\/strong><a href=\"https:\/\/www.youtube.com\/channel\/UCAptA0jQuYQy8vMhLt2m4qg\"><strong>Youtube<\/strong><\/a><strong>\u00a0e veja nossas mat\u00e9rias, v\u00eddeos e fotos. Voc\u00ea tamb\u00e9m pode enviar informa\u00e7\u00f5es \u00e0 Reda\u00e7\u00e3o do Portal Cariri em A\u00e7\u00e3o pelo WhatsApp (83) 9 9634.5791, (83) 9 9601-1162.<\/strong><\/p>\n","protected":false},"excerpt":{"rendered":"<p>Choveu forte na tarde desta sexta-feira, 19, v\u00e9spera de S\u00e3o Sebasti\u00e3o, em v\u00e1rias cidades do Cariri paraibano, a exemplo de Monteiro, Camala\u00fa, Congo, S\u00e3o Domingos&hellip; <\/p>\n","protected":false},"author":2,"featured_media":38105,"comment_status":"closed","ping_status":"closed","sticky":false,"template":"","format":"standard","meta":{"sfsi_plus_gutenberg_text_before_share":"","sfsi_plus_gutenberg_show_text_before_share":"","sfsi_plus_gutenberg_icon_type":"","sfsi_plus_gutenberg_icon_alignemt":"","sfsi_plus_gutenburg_max_per_row":"","footnotes":""},"categories":[2],"tags":[],"class_list":["post-38104","post","type-post","status-publish","format-standard","has-post-thumbnail","hentry","category-geral"],"_links":{"self":[{"href":"https:\/\/www.caririemacao.com\/1\/wp-json\/wp\/v2\/posts\/38104","targetHints":{"allow":["GET"]}}],"collection":[{"href":"https:\/\/www.caririemacao.com\/1\/wp-json\/wp\/v2\/posts"}],"about":[{"href":"https:\/\/www.caririemacao.com\/1\/wp-json\/wp\/v2\/types\/post"}],"author":[{"embeddable":true,"href":"https:\/\/www.caririemacao.com\/1\/wp-json\/wp\/v2\/users\/2"}],"replies":[{"embeddable":true,"href":"https:\/\/www.caririemacao.com\/1\/wp-json\/wp\/v2\/comments?post=38104"}],"version-history":[{"count":0,"href":"https:\/\/www.caririemacao.com\/1\/wp-json\/wp\/v2\/posts\/38104\/revisions"}],"wp:featuredmedia":[{"embeddable":true,"href":"https:\/\/www.caririemacao.com\/1\/wp-json\/wp\/v2\/media\/38105"}],"wp:attachment":[{"href":"https:\/\/www.caririemacao.com\/1\/wp-json\/wp\/v2\/media?parent=38104"}],"wp:term":[{"taxonomy":"category","embeddable":true,"href":"https:\/\/www.caririemacao.com\/1\/wp-json\/wp\/v2\/categories?post=38104"},{"taxonomy":"post_tag","embeddable":true,"href":"https:\/\/www.caririemacao.com\/1\/wp-json\/wp\/v2\/tags?post=38104"}],"curies":[{"name":"wp","href":"https:\/\/api.w.org\/{rel}","templated":true}]}}