{"id":38113,"date":"2018-01-19T19:41:39","date_gmt":"2018-01-19T22:41:39","guid":{"rendered":"http:\/\/caririemacao.com\/1\/?p=38113"},"modified":"2018-01-19T20:19:55","modified_gmt":"2018-01-19T23:19:55","slug":"policia-federal-confirma-caso-de-fraude-no-enem-em-salvador","status":"publish","type":"post","link":"https:\/\/www.caririemacao.com\/1\/2018\/01\/19\/policia-federal-confirma-caso-de-fraude-no-enem-em-salvador\/","title":{"rendered":"PF investiga estudante suspeito de plagiar livro em reda\u00e7\u00e3o do Enem"},"content":{"rendered":"<p>A Pol\u00edcia Federal realizou, na manh\u00e3 desta sexta-feira (19), uma opera\u00e7\u00e3o para investigar uma suspeita de fraude no\u00a0Enem\u00a0(Exame Nacional do Ensino M\u00e9dio).<\/p>\n<p>O suspeito \u00e9 um estudante da Bahia que, na reda\u00e7\u00e3o, plagiou na \u00edntegra a sinopse do livro \u201cReda\u00e7\u00e3o de Surdos: Uma Jornada em Busca da Avalia\u00e7\u00e3o Escrita\u201d, da pesquisadora Maria do Carmo Ribeiro, dispon\u00edvel na internet.<\/p>\n<p>O tema da reda\u00e7\u00e3o do Enem, realizado em novembro do ano passado foi \u201cDesafios para forma\u00e7\u00e3o educacional dos surdos. O livro cujo trecho foi plagiado \u00e9 resultado de uma pesquisa que analisa as habilidades de escrita em l\u00edngua portuguesa de alunos surdos do 3\u00b0 ano do ensino m\u00e9dio de duas escolas do Distrito Federal.<\/p>\n<p>O suspeito de fraude, que n\u00e3o teve o nome revelado, tem 27 anos e mora em Maca\u00fabas, bairro do centro antigo de Salvador. Ele \u00e9 estudante de engenharia civil numa faculdade particular da capital baiana.<\/p>\n<p>Em depoimento \u00e0 Pol\u00edcia Federal, ele confessou que usou o telefone celular durante a prova para fazer buscas na internet relacionadas ao tema da reda\u00e7\u00e3o. O estuante disse que copiou a sinopse do livro na \u00edntegra e apenas a \u00faltima frase da reda\u00e7\u00e3o foi criada com as suas pr\u00f3prias palavras.<\/p>\n<p>\u201cA princ\u00edpio, tudo leva a crer que foi um caso isolado. N\u00e3o h\u00e1 ind\u00edcio de atua\u00e7\u00e3o de organiza\u00e7\u00e3o criminosa. O exame est\u00e1 preservado\u201d, afirmou a delegada Suzana Jacobina, respons\u00e1vel pelas investiga\u00e7\u00f5es.<\/p>\n<p>O pl\u00e1gio foi identificado pelo Inep (Instituto Nacional de Estudos e Pesquisas Educacionais An\u00edsio Teixeira), autarquia do Minist\u00e9rio da Educa\u00e7\u00e3o, que comunicou a suspeita \u00e0 Pol\u00edcia Federal.<\/p>\n<p>Um inqu\u00e9rito foi instaurado e a Justi\u00e7a Federal autorizou o cumprimento de mandado de busca e apreens\u00e3o na casa do suspeito. No cumprimento do mandado, na manh\u00e3 desta sexta, a PF apreendeu um telefone celular e o rascunho da prova do Enem do candidato. O celular ser\u00e1 periciado e os fiscais da sala onde o estudante fez a prova ser\u00e3o interrogados.<\/p>\n<p>Se confirmada a suspeita de fraude, o estudante poder\u00e1 ser indiciado pelo crime de fraude em certame de interesse p\u00fablico, que prev\u00ea pena entre um e quatro anos de reclus\u00e3o e multa.<\/p>\n<p><b>NOTA ZERO<\/b><\/p>\n<p>O Minist\u00e9rio da Educa\u00e7\u00e3o divulgou nesta quinta-feira (18) as notas do Enem. Os dados mostraram que o total de notas zero na reda\u00e7\u00e3o subiu de 291.806, em 2016, para 309.157 no ano passado. Em termos percentuais, os exames zerados passaram de 4,8% para 6,5%.<\/p>\n<p>A maior alta ocorreu nos casos de fuga ao tema. Enquanto em 2016 foram 46.874 textos zerados por esse motivo, no ano passado foram 236.739. Um em cada 20 candidatos, portanto, n\u00e3o entendeu sobre o que era necess\u00e1rio escrever e teve o texto zerado.<\/p>\n<p>Tamb\u00e9m s\u00e3o pass\u00edveis de nota zero a men\u00e7\u00e3o a um trecho desconexo ao texto, c\u00f3pia dos textos de apoio ou n\u00e3o usar o tipo textual esperado (disserta\u00e7\u00e3o).<\/p>\n<p>No ano passado, \u00e0s v\u00e9speras da prova, uma decis\u00e3o judicial proibiu o MEC de anular textos que desrespeitassem os direitos humanos, o que era previsto pelo Enem desde 2013. A presidente do Supremo Tribunal Federal,\u00a0Carmen L\u00facia, endossou a decis\u00e3o, e a gest\u00e3o do ministro Mendon\u00e7a Filho (DEM) n\u00e3o recorreu.<\/p>\n<p>Estudantes desrespeitaram os direitos humanos em somente\u00a0205 reda\u00e7\u00f5es\u00a0no Enem 2017, segundo o MEC. Eles tiveram desconto de pontos, mas n\u00e3o nota zero. Em 2016, 4.798 disserta\u00e7\u00f5es haviam sido anuladas por essa raz\u00e3o.<\/p>\n<p>O n\u00famero de provas com nota m\u00e1xima na reda\u00e7\u00e3o caiu de 77 para 53 entre 2016 e 2017. Por outro lado, a nota m\u00e9dia aumentou, passando de 541,9 para 558 (numa escala que vai at\u00e9 1.000).<\/p>\n<p><a href=\"http:\/\/caririemacao.com\/1\/wp-content\/uploads\/2018\/01\/1801945.jpeg\"><img fetchpriority=\"high\" decoding=\"async\" class=\"aligncenter size-full wp-image-38127\" src=\"http:\/\/caririemacao.com\/1\/wp-content\/uploads\/2018\/01\/1801945.jpeg\" alt=\"\" width=\"620\" height=\"440\" srcset=\"https:\/\/www.caririemacao.com\/1\/wp-content\/uploads\/2018\/01\/1801945.jpeg 620w, https:\/\/www.caririemacao.com\/1\/wp-content\/uploads\/2018\/01\/1801945-300x213.jpeg 300w\" sizes=\"(max-width: 620px) 100vw, 620px\" \/><\/a><\/p>\n<p><strong>CARIRI EM A\u00c7\u00c3O<\/strong><\/p>\n<p><em>Com Folha\/Foto: Reprodu\u00e7\u00e3o google<\/em><\/p>\n<p><strong>Leia mais not\u00edcias em\u00a0<\/strong><a href=\"http:\/\/www.caririemacao.com\/\"><strong>caririemacao.com<\/strong><\/a><strong>, siga nossa p\u00e1gina no\u00a0<\/strong><a href=\"https:\/\/www.facebook.com\/CaririEmAcao\/?ref=aymt_homepage_panel\"><strong>Facebook<\/strong><\/a>,<strong>\u00a0<\/strong><a href=\"https:\/\/www.instagram.com\/cariri_em_acao\/?hl=pt-br\"><strong>Instagram<\/strong><\/a><strong>\u00a0e\u00a0<\/strong><a href=\"https:\/\/www.youtube.com\/channel\/UCAptA0jQuYQy8vMhLt2m4qg\"><strong>Youtube<\/strong><\/a><strong>\u00a0e veja nossas mat\u00e9rias, v\u00eddeos e fotos. Voc\u00ea tamb\u00e9m pode enviar informa\u00e7\u00f5es \u00e0 Reda\u00e7\u00e3o do Portal Cariri em A\u00e7\u00e3o pelo WhatsApp (83) 9 9634.5791, (83) 9 9601-1162.<\/strong><\/p>\n","protected":false},"excerpt":{"rendered":"<p>A Pol\u00edcia Federal realizou, na manh\u00e3 desta sexta-feira (19), uma opera\u00e7\u00e3o para investigar uma suspeita de fraude no\u00a0Enem\u00a0(Exame Nacional do Ensino M\u00e9dio). O suspeito \u00e9&hellip; <\/p>\n","protected":false},"author":2,"featured_media":33489,"comment_status":"closed","ping_status":"closed","sticky":false,"template":"","format":"standard","meta":{"sfsi_plus_gutenberg_text_before_share":"","sfsi_plus_gutenberg_show_text_before_share":"","sfsi_plus_gutenberg_icon_type":"","sfsi_plus_gutenberg_icon_alignemt":"","sfsi_plus_gutenburg_max_per_row":"","footnotes":""},"categories":[12],"tags":[],"class_list":["post-38113","post","type-post","status-publish","format-standard","has-post-thumbnail","hentry","category-policia"],"_links":{"self":[{"href":"https:\/\/www.caririemacao.com\/1\/wp-json\/wp\/v2\/posts\/38113","targetHints":{"allow":["GET"]}}],"collection":[{"href":"https:\/\/www.caririemacao.com\/1\/wp-json\/wp\/v2\/posts"}],"about":[{"href":"https:\/\/www.caririemacao.com\/1\/wp-json\/wp\/v2\/types\/post"}],"author":[{"embeddable":true,"href":"https:\/\/www.caririemacao.com\/1\/wp-json\/wp\/v2\/users\/2"}],"replies":[{"embeddable":true,"href":"https:\/\/www.caririemacao.com\/1\/wp-json\/wp\/v2\/comments?post=38113"}],"version-history":[{"count":0,"href":"https:\/\/www.caririemacao.com\/1\/wp-json\/wp\/v2\/posts\/38113\/revisions"}],"wp:featuredmedia":[{"embeddable":true,"href":"https:\/\/www.caririemacao.com\/1\/wp-json\/wp\/v2\/media\/33489"}],"wp:attachment":[{"href":"https:\/\/www.caririemacao.com\/1\/wp-json\/wp\/v2\/media?parent=38113"}],"wp:term":[{"taxonomy":"category","embeddable":true,"href":"https:\/\/www.caririemacao.com\/1\/wp-json\/wp\/v2\/categories?post=38113"},{"taxonomy":"post_tag","embeddable":true,"href":"https:\/\/www.caririemacao.com\/1\/wp-json\/wp\/v2\/tags?post=38113"}],"curies":[{"name":"wp","href":"https:\/\/api.w.org\/{rel}","templated":true}]}}