{"id":38115,"date":"2018-01-19T19:47:58","date_gmt":"2018-01-19T22:47:58","guid":{"rendered":"http:\/\/caririemacao.com\/1\/?p=38115"},"modified":"2018-01-19T19:47:58","modified_gmt":"2018-01-19T22:47:58","slug":"temer-nao-podera-mais-indicar-nem-demitir-vice-presidentes-da-caixa","status":"publish","type":"post","link":"https:\/\/www.caririemacao.com\/1\/2018\/01\/19\/temer-nao-podera-mais-indicar-nem-demitir-vice-presidentes-da-caixa\/","title":{"rendered":"Temer n\u00e3o poder\u00e1 mais indicar nem demitir vice-presidentes da Caixa"},"content":{"rendered":"<p>Os vice-presidentes da Caixa Econ\u00f4mica Federal n\u00e3o mais poder\u00e3o ser nomeados pelo presidente da Rep\u00fablica. A mudan\u00e7a na compet\u00eancia para escolha dos dirigentes da Caixa consta do novo estatuto do banco, aprovado nesta sexta-feira (19) pela Assembleia Geral da banco, \u00f3rg\u00e3o criado com o novo documento para substituir as atribui\u00e7\u00f5es do Minist\u00e9rio da Fazenda.<\/p>\n<p>O novo estatuto segue os princ\u00edpios da Lei das Estatais e prev\u00ea que tanto a escolha quanto a destitui\u00e7\u00e3o de vice-presidentes da Caixa ser\u00e3o feitas pelo Conselho Administrativo, composto por um quarto de membros independentes, depois de manifesta\u00e7\u00e3o do Comit\u00ea de Indica\u00e7\u00e3o e Remunera\u00e7\u00e3o do banco. Os indicados para estes cargos tamb\u00e9m dever\u00e3o ser aprovados pelo Banco Central e passar por avalia\u00e7\u00e3o de consultores especializados em recrutamento de executivos.<\/p>\n<p>Os membros do Conselho Administrativo tamb\u00e9m ser\u00e3o escolhidos pela Assembleia Geral da Caixa, que ainda tem a atribui\u00e7\u00e3o de definir a remunera\u00e7\u00e3o dos administradores, aprovar demonstra\u00e7\u00f5es cont\u00e1veis e tratar de quest\u00f5es como fus\u00f5es e aquisi\u00e7\u00f5es do conglomerado. O estatuto cria ainda quatro comit\u00eas estatut\u00e1rios, reformula o de Comit\u00ea de Riscos e mant\u00e9m seis grupos que t\u00eam fun\u00e7\u00f5es espec\u00edficas e variadas, como auditoria, compras e preven\u00e7\u00e3o de crimes.<\/p>\n<p>O novo regulamento torna mais r\u00edgidos os crit\u00e9rios de escolha dos indicados para os cargos da vice-presid\u00eancia, al\u00e9m de manter as antigas exig\u00eancias de reputa\u00e7\u00e3o ilibada, not\u00f3rio conhecimento t\u00e9cnico compat\u00edvel com o cargo, curso superior e experi\u00eancia profissional. O banco dever\u00e1 ainda seguir novas pr\u00e1ticas de gest\u00e3o de riscos e divulgar uma carta anual de governan\u00e7a.<\/p>\n<p>O novo estatuto foi aprovado depois do afastamento pelo presidente Michel Temer de quatro dos 12 vice-presidentes do banco. Os dirigentes afastados s\u00e3o suspeitos de envolvimento em pr\u00e1ticas de corrup\u00e7\u00e3o investigadas pela\u00a0 Pol\u00edcia Federal na Opera\u00e7\u00e3o Greenfield. Os que n\u00e3o foram afastados passar\u00e3o por avalia\u00e7\u00e3o t\u00e9cnica, informou\u00a0 o Minist\u00e9rio da Fazenda.<\/p>\n<p>Em nota, a Caixa afirma que o novo estatuto come\u00e7ou a ser elaborado em 2016, ap\u00f3s a aprova\u00e7\u00e3o da Lei das Estatais, e que o processo de mudan\u00e7a contou com a participa\u00e7\u00e3o dos minist\u00e9rios da Fazenda e do Planejamento. O estatuto dever\u00e1 ainda ser aprovado pelo Banco Central e s\u00f3 entrar\u00e1 em vigor depois de publica\u00e7\u00e3o.<\/p>\n<p><strong>CARIRI EM A\u00c7\u00c3O<\/strong><\/p>\n<p><em>Com Congresso em Foco\/Foto: Reprodu\u00e7\u00e3o Internet<\/em><\/p>\n<p><strong>Leia mais not\u00edcias em\u00a0<\/strong><a href=\"http:\/\/www.caririemacao.com\/\"><strong>caririemacao.com<\/strong><\/a><strong>, siga nossa p\u00e1gina no\u00a0<\/strong><a href=\"https:\/\/www.facebook.com\/CaririEmAcao\/?ref=aymt_homepage_panel\"><strong>Facebook<\/strong><\/a>,<strong>\u00a0<\/strong><a href=\"https:\/\/www.instagram.com\/cariri_em_acao\/?hl=pt-br\"><strong>Instagram<\/strong><\/a><strong>\u00a0e\u00a0<\/strong><a href=\"https:\/\/www.youtube.com\/channel\/UCAptA0jQuYQy8vMhLt2m4qg\"><strong>Youtube<\/strong><\/a><strong>\u00a0e veja nossas mat\u00e9rias, v\u00eddeos e fotos. Voc\u00ea tamb\u00e9m pode enviar informa\u00e7\u00f5es \u00e0 Reda\u00e7\u00e3o do Portal Cariri em A\u00e7\u00e3o pelo WhatsApp (83) 9 9634.5791, (83) 9 9601-1162.<\/strong><\/p>\n","protected":false},"excerpt":{"rendered":"<p>Os vice-presidentes da Caixa Econ\u00f4mica Federal n\u00e3o mais poder\u00e3o ser nomeados pelo presidente da Rep\u00fablica. A mudan\u00e7a na compet\u00eancia para escolha dos dirigentes da Caixa&hellip; <\/p>\n","protected":false},"author":2,"featured_media":38116,"comment_status":"closed","ping_status":"closed","sticky":false,"template":"","format":"standard","meta":{"sfsi_plus_gutenberg_text_before_share":"","sfsi_plus_gutenberg_show_text_before_share":"","sfsi_plus_gutenberg_icon_type":"","sfsi_plus_gutenberg_icon_alignemt":"","sfsi_plus_gutenburg_max_per_row":"","footnotes":""},"categories":[11],"tags":[],"class_list":["post-38115","post","type-post","status-publish","format-standard","has-post-thumbnail","hentry","category-politica"],"_links":{"self":[{"href":"https:\/\/www.caririemacao.com\/1\/wp-json\/wp\/v2\/posts\/38115","targetHints":{"allow":["GET"]}}],"collection":[{"href":"https:\/\/www.caririemacao.com\/1\/wp-json\/wp\/v2\/posts"}],"about":[{"href":"https:\/\/www.caririemacao.com\/1\/wp-json\/wp\/v2\/types\/post"}],"author":[{"embeddable":true,"href":"https:\/\/www.caririemacao.com\/1\/wp-json\/wp\/v2\/users\/2"}],"replies":[{"embeddable":true,"href":"https:\/\/www.caririemacao.com\/1\/wp-json\/wp\/v2\/comments?post=38115"}],"version-history":[{"count":0,"href":"https:\/\/www.caririemacao.com\/1\/wp-json\/wp\/v2\/posts\/38115\/revisions"}],"wp:featuredmedia":[{"embeddable":true,"href":"https:\/\/www.caririemacao.com\/1\/wp-json\/wp\/v2\/media\/38116"}],"wp:attachment":[{"href":"https:\/\/www.caririemacao.com\/1\/wp-json\/wp\/v2\/media?parent=38115"}],"wp:term":[{"taxonomy":"category","embeddable":true,"href":"https:\/\/www.caririemacao.com\/1\/wp-json\/wp\/v2\/categories?post=38115"},{"taxonomy":"post_tag","embeddable":true,"href":"https:\/\/www.caririemacao.com\/1\/wp-json\/wp\/v2\/tags?post=38115"}],"curies":[{"name":"wp","href":"https:\/\/api.w.org\/{rel}","templated":true}]}}