{"id":38120,"date":"2018-01-19T19:57:56","date_gmt":"2018-01-19T22:57:56","guid":{"rendered":"http:\/\/caririemacao.com\/1\/?p=38120"},"modified":"2018-01-19T19:57:56","modified_gmt":"2018-01-19T22:57:56","slug":"camara-cobra-r-66-mil-de-deputado-que-alugou-imovel-de-sogro-com-verba-publica","status":"publish","type":"post","link":"https:\/\/www.caririemacao.com\/1\/2018\/01\/19\/camara-cobra-r-66-mil-de-deputado-que-alugou-imovel-de-sogro-com-verba-publica\/","title":{"rendered":"C\u00e2mara cobra R$ 66 mil de deputado que alugou im\u00f3vel de sogro com verba p\u00fablica"},"content":{"rendered":"<p>O deputado Zeca Cavalcanti (PTB-PE) est\u00e1 devolvendo aos cofres da C\u00e2mara os R$ 66,5 mil de verba p\u00fablica que\u00a0utilizou no aluguel de um im\u00f3vel que pertence ao seu sogro. A C\u00e2mara obrigou o parlamentar a ressarcir o gasto com a chamada cota para o exerc\u00edcio da atividade parlamentar (Ceap) usada por ele na loca\u00e7\u00e3o de uma casa em Arcoverde (PE), reduto eleitoral do petebista, para sediar o seu escrit\u00f3rio de representa\u00e7\u00e3o pol\u00edtica, de mar\u00e7o de 2015 a outubro de 2016. O espa\u00e7o pertence ao pai da esposa do deputado.<\/p>\n<p>Os parlamentares recebem R$ 33,7 mil de sal\u00e1rio. A restitui\u00e7\u00e3o dos valores \u00e9 feita de forma parcelada. Desde maio de 2017, R$ 3.500 s\u00e3o descontados da folha de pagamento de Zeca Cavalcanti todo m\u00eas. A estimativa \u00e9 que os d\u00e9bitos sejam quitados at\u00e9 novembro deste ano.<\/p>\n<p>Recurso concedido mensalmente aos deputados para auxiliar no custeio das atividades parlamentares, a verba indenizat\u00f3ria pode ser utilizada para a loca\u00e7\u00e3o de im\u00f3veis desde que observadas as regras estabelecidas pelo Ato da Mesa n\u00ba 43\/2009. Uma delas veda qualquer deputado de contratar servi\u00e7os ou adquirir produtos de empresas nas quais ele tenha participa\u00e7\u00e3o societ\u00e1ria. Tamb\u00e9m \u00e9 proibido que um dos s\u00f3cios dessas empresas seja seu parente at\u00e9 o terceiro grau.<\/p>\n<p>A C\u00e2mara considera sogros como parentes por afinidade de 1\u00ba grau, o que torna irregular o uso da verba indenizat\u00f3ria para o aluguel do im\u00f3vel do sogro do parlamentar. O caso foi descoberto pela Opera\u00e7\u00e3o Pol\u00edtica Supervisionada (OPS), organiza\u00e7\u00e3o formada por volunt\u00e1rios de v\u00e1rias partes do Brasil que fiscaliza o uso de recursos p\u00fablicos e, em especial, da verba indenizat\u00f3ria.<\/p>\n<p>Na \u00e9poca, Zeca reconheceu a irregularidade e disse que cancelaria o contrato, o que ocorreu um m\u00eas ap\u00f3s a den\u00fancia. Ainda assim, ele justificou que o \u201cerro\u201d teria ocorrido porque sua ex-chefe de gabinete havia lhe informado que loca\u00e7\u00f5es de im\u00f3veis pertencentes a parentes por afinidade, como sogros e cunhados, n\u00e3o eram proibidas.<\/p>\n<p>O petebista virou, ent\u00e3o, alvo de centenas de e-mails, que solicitavam a devolu\u00e7\u00e3o do dinheiro utilizado irregularmente.<\/p>\n<p><strong>Inqu\u00e9rito no MPF<\/strong><\/p>\n<p>Devido \u00e0 repercuss\u00e3o do caso, o Minist\u00e9rio P\u00fablico Federal em Pernambuco (MPF-PE) decidiu abrir um inqu\u00e9rito para investigar o uso da verba indenizat\u00f3ria pelo deputado Zeca Cavalcanti. Caso as irregularidades sejam comprovadas, o petebista pode ser alvo de uma a\u00e7\u00e3o por improbidade administrativa na Justi\u00e7a Federal.<\/p>\n<p>Vale lembrar que, de acordo com levantamento feito<strong>\u00a0<\/strong>em 2017, Zeca Cavalcanti \u00e9 o terceiro colocado na lista de parlamentares com maior n\u00famero de processos tramitando no Supremo Tribunal Federal (STF), respondendo a dez inqu\u00e9ritos. Procurados pela reportagem para comentar sobre a restitui\u00e7\u00e3o dos R$ 66,5 mil \u00e0 C\u00e2mara dos Deputados e o inqu\u00e9rito no MPF, o deputado e sua assessoria n\u00e3o se manifestaram at\u00e9 o fechamento do texto.<\/p>\n<p><strong>CARIRI EM A\u00c7\u00c3O<\/strong><\/p>\n<p><em>Com Congresso em Foco\/Foto:\u00a0Luiz Alves<\/em><\/p>\n<p><strong>Leia mais not\u00edcias em\u00a0<\/strong><a href=\"http:\/\/www.caririemacao.com\/\"><strong>caririemacao.com<\/strong><\/a><strong>, siga nossa p\u00e1gina no\u00a0<\/strong><a href=\"https:\/\/www.facebook.com\/CaririEmAcao\/?ref=aymt_homepage_panel\"><strong>Facebook<\/strong><\/a>,<strong>\u00a0<\/strong><a href=\"https:\/\/www.instagram.com\/cariri_em_acao\/?hl=pt-br\"><strong>Instagram<\/strong><\/a><strong>\u00a0e\u00a0<\/strong><a href=\"https:\/\/www.youtube.com\/channel\/UCAptA0jQuYQy8vMhLt2m4qg\"><strong>Youtube<\/strong><\/a><strong>\u00a0e veja nossas mat\u00e9rias, v\u00eddeos e fotos. Voc\u00ea tamb\u00e9m pode enviar informa\u00e7\u00f5es \u00e0 Reda\u00e7\u00e3o do Portal Cariri em A\u00e7\u00e3o pelo WhatsApp (83) 9 9634.5791, (83) 9 9601-1162.<\/strong><\/p>\n","protected":false},"excerpt":{"rendered":"<p>O deputado Zeca Cavalcanti (PTB-PE) est\u00e1 devolvendo aos cofres da C\u00e2mara os R$ 66,5 mil de verba p\u00fablica que\u00a0utilizou no aluguel de um im\u00f3vel que&hellip; <\/p>\n","protected":false},"author":2,"featured_media":38121,"comment_status":"closed","ping_status":"closed","sticky":false,"template":"","format":"standard","meta":{"sfsi_plus_gutenberg_text_before_share":"","sfsi_plus_gutenberg_show_text_before_share":"","sfsi_plus_gutenberg_icon_type":"","sfsi_plus_gutenberg_icon_alignemt":"","sfsi_plus_gutenburg_max_per_row":"","footnotes":""},"categories":[11],"tags":[],"class_list":["post-38120","post","type-post","status-publish","format-standard","has-post-thumbnail","hentry","category-politica"],"_links":{"self":[{"href":"https:\/\/www.caririemacao.com\/1\/wp-json\/wp\/v2\/posts\/38120","targetHints":{"allow":["GET"]}}],"collection":[{"href":"https:\/\/www.caririemacao.com\/1\/wp-json\/wp\/v2\/posts"}],"about":[{"href":"https:\/\/www.caririemacao.com\/1\/wp-json\/wp\/v2\/types\/post"}],"author":[{"embeddable":true,"href":"https:\/\/www.caririemacao.com\/1\/wp-json\/wp\/v2\/users\/2"}],"replies":[{"embeddable":true,"href":"https:\/\/www.caririemacao.com\/1\/wp-json\/wp\/v2\/comments?post=38120"}],"version-history":[{"count":0,"href":"https:\/\/www.caririemacao.com\/1\/wp-json\/wp\/v2\/posts\/38120\/revisions"}],"wp:featuredmedia":[{"embeddable":true,"href":"https:\/\/www.caririemacao.com\/1\/wp-json\/wp\/v2\/media\/38121"}],"wp:attachment":[{"href":"https:\/\/www.caririemacao.com\/1\/wp-json\/wp\/v2\/media?parent=38120"}],"wp:term":[{"taxonomy":"category","embeddable":true,"href":"https:\/\/www.caririemacao.com\/1\/wp-json\/wp\/v2\/categories?post=38120"},{"taxonomy":"post_tag","embeddable":true,"href":"https:\/\/www.caririemacao.com\/1\/wp-json\/wp\/v2\/tags?post=38120"}],"curies":[{"name":"wp","href":"https:\/\/api.w.org\/{rel}","templated":true}]}}