{"id":38123,"date":"2018-01-19T20:11:34","date_gmt":"2018-01-19T23:11:34","guid":{"rendered":"http:\/\/caririemacao.com\/1\/?p=38123"},"modified":"2018-01-19T20:11:34","modified_gmt":"2018-01-19T23:11:34","slug":"na-prisao-da-lava-jato-cabral-tem-a-companhia-de-vaccari-e-cunha","status":"publish","type":"post","link":"https:\/\/www.caririemacao.com\/1\/2018\/01\/19\/na-prisao-da-lava-jato-cabral-tem-a-companhia-de-vaccari-e-cunha\/","title":{"rendered":"Na pris\u00e3o da Lava Jato, Cabral tem a companhia de Vaccari e Cunha"},"content":{"rendered":"<p>O ex-governador do Rio de Janeiro S\u00e9rgio Cabral (MDB) chegou ao Complexo M\u00e9dico-Penal, em Pinhais, regi\u00e3o metropolitana de Curitiba, na tarde desta sexta-feira (19\/1). O emedebista foi transferido, por ordem judicial, do Rio para o pres\u00eddio onde j\u00e1 est\u00e3o seu colega de partido, o ex-presidente da C\u00e2mara Eduardo Cunha, o ex-tesoureiro do PT Jo\u00e3o Vaccari e o ex-presidente da Petrobras Aldemir Bendine.<\/p>\n<p>Cabral carrega em seu curr\u00edculo tr\u00eas condena\u00e7\u00f5es judiciais que somam 87 anos de reclus\u00e3o \u2013\u00a0desse total, 14 anos e 2\u00a0meses por corrup\u00e7\u00e3o e lavagem de dinheiro foram impostos pelo juiz S\u00e9rgio Moro.<\/p>\n<p>O ex-governador estava na cadeia p\u00fablica de Benfica, Zona Norte do Rio de Janeiro, mas os investigadores descobriram que, ali, o pol\u00edtico\u00a0levava uma vida de luxos e regalias \u2013\u00a0esta a causa de sua remo\u00e7\u00e3o para a pris\u00e3o da Lava Jato, no Paran\u00e1.<\/p>\n<p>Antes de chegar a Pinhais, S\u00e9rgio Cabral foi submetido a exames no Instituto M\u00e9dico Legal. Ele estava com as m\u00e3os algemadas e os p\u00e9s acorrentados. Seu defensor, o advogado Rodrigo Roca, protestou. \u201cEsqueceram apenas de colocar o capuz e a corda. A defesa est\u00e1 indignada e estarrecida com tamanho espet\u00e1culo e crueldade.\u201d<\/p>\n<p>J\u00e1 passaram pelo Complexo M\u00e9dico-Penal o ex-ministro Antonio Palocci (governos Lula e Dilma, Fazenda e Casa Civil) e o ex-diretor de Servi\u00e7os da Petrobras Renato Duque. Eles est\u00e3o, no momento, custodiados na Superintend\u00eancia da Pol\u00edcia Federal de Curitiba, base da grande investiga\u00e7\u00e3o, tentando fechar acordos de dela\u00e7\u00e3o premiada. Se o pacto avan\u00e7ar, podem ir para a rua. Se travar, devem retornar a Pinhais.<\/p>\n<p>Na quinta (18), os ju\u00edzes federais S\u00e9rgio Moro, da 13\u00aa Vara Federal, em Curitiba, e Caroline Vieira Figueiredo, da 7\u00aa Vara Federal, no Rio, determinaram a remo\u00e7\u00e3o do ex-governador para o pres\u00eddio no Paran\u00e1 por causa de regalias na Cadeia P\u00fablica Jos\u00e9 Frederico Marques, em Benfica, Zona Norte\u00a0da capital fluminense, onde o emedebista estava custodiado. S\u00e9rgio Cabral chegou a Curitiba no fim do dia.<\/p>\n<p>Relat\u00f3rio do Minist\u00e9rio P\u00fablico do Rio de Janeiro (MPRJ) apontou luxos e muitas regalias na pris\u00e3o em Benfica. A 11\u00aa Promotoria de Investiga\u00e7\u00e3o Penal fiscalizou o local em 24 de novembro e destacou que, na Galeria C, onde estava preso S\u00e9rgio Cabral e ainda\u00a0est\u00e3o outros alvos da Lava Jato, havia \u201clingui\u00e7as fritas ainda quentes\u201d. Os promotores encontraram \u201calimentos in natura diversos, como frutas, queijos e frios, p\u00f3 de caf\u00e9, ch\u00e1s e alimentos que necessitavam de preparo com calor, dentro da cela\u201d.<\/p>\n<p>O MPRJ\u00a0ajuizou a\u00e7\u00e3o civil p\u00fablica por improbidade administrativa contra o ex-governador, o secret\u00e1rio de administra\u00e7\u00e3o penitenci\u00e1ria, o subsecret\u00e1rio de gest\u00e3o penitenci\u00e1ria, os diretores e subdiretores de Bangu VIII e da Cadeia P\u00fablica de Benfica, unidades prisionais que abrigaram o emedebista, em raz\u00e3o do tratamento diferenciado.<\/p>\n<p>O ex-governador foi alvo de dois mandados de pris\u00e3o preventiva em novembro de 2016, um de Moro e outro do juiz federal Marcelo Bretas, da 7\u00aa Vara Federal, do Rio, que comanda a Lava Jato no estado. Cabral j\u00e1 esteve custodiado em Curitiba por cerca de uma semana, em dezembro de 2016.<\/p>\n<p><b>Defesa<br \/>\n<\/b><\/p>\n<p>Em nota, o advogado Rodrigo Roca, que defende S\u00e9rgio Cabral, afirmou: \u201cS\u00e9rgio Cabral est\u00e1 proibido de falar, com p\u00e9s e m\u00e3os algemados. Esqueceram apenas de colocar o capuz e a corda. A defesa est\u00e1 indignada e estarrecida com tamanho espet\u00e1culo e crueldade.\u201d<\/p>\n<p><strong>ARIRI EM A\u00c7\u00c3O<\/strong><\/p>\n<p><em>Com Estad\u00e3o\/Foto: Estad\u00e3o<\/em><\/p>\n<p><strong>Leia mais not\u00edcias em\u00a0<\/strong><a href=\"http:\/\/www.caririemacao.com\/\"><strong>caririemacao.com<\/strong><\/a><strong>, siga nossa p\u00e1gina no\u00a0<\/strong><a href=\"https:\/\/www.facebook.com\/CaririEmAcao\/?ref=aymt_homepage_panel\"><strong>Facebook<\/strong><\/a>,<strong>\u00a0<\/strong><a href=\"https:\/\/www.instagram.com\/cariri_em_acao\/?hl=pt-br\"><strong>Instagram<\/strong><\/a><strong>\u00a0e\u00a0<\/strong><a href=\"https:\/\/www.youtube.com\/channel\/UCAptA0jQuYQy8vMhLt2m4qg\"><strong>Youtube<\/strong><\/a><strong>\u00a0e veja nossas mat\u00e9rias, v\u00eddeos e fotos. Voc\u00ea tamb\u00e9m pode enviar informa\u00e7\u00f5es \u00e0 Reda\u00e7\u00e3o do Portal Cariri em A\u00e7\u00e3o pelo WhatsApp (83) 9 9634.5791, (83) 9 9601-1162.<\/strong><\/p>\n","protected":false},"excerpt":{"rendered":"<p>O ex-governador do Rio de Janeiro S\u00e9rgio Cabral (MDB) chegou ao Complexo M\u00e9dico-Penal, em Pinhais, regi\u00e3o metropolitana de Curitiba, na tarde desta sexta-feira (19\/1). O&hellip; <\/p>\n","protected":false},"author":2,"featured_media":38124,"comment_status":"closed","ping_status":"closed","sticky":false,"template":"","format":"standard","meta":{"sfsi_plus_gutenberg_text_before_share":"","sfsi_plus_gutenberg_show_text_before_share":"","sfsi_plus_gutenberg_icon_type":"","sfsi_plus_gutenberg_icon_alignemt":"","sfsi_plus_gutenburg_max_per_row":"","footnotes":""},"categories":[11],"tags":[],"class_list":["post-38123","post","type-post","status-publish","format-standard","has-post-thumbnail","hentry","category-politica"],"_links":{"self":[{"href":"https:\/\/www.caririemacao.com\/1\/wp-json\/wp\/v2\/posts\/38123","targetHints":{"allow":["GET"]}}],"collection":[{"href":"https:\/\/www.caririemacao.com\/1\/wp-json\/wp\/v2\/posts"}],"about":[{"href":"https:\/\/www.caririemacao.com\/1\/wp-json\/wp\/v2\/types\/post"}],"author":[{"embeddable":true,"href":"https:\/\/www.caririemacao.com\/1\/wp-json\/wp\/v2\/users\/2"}],"replies":[{"embeddable":true,"href":"https:\/\/www.caririemacao.com\/1\/wp-json\/wp\/v2\/comments?post=38123"}],"version-history":[{"count":0,"href":"https:\/\/www.caririemacao.com\/1\/wp-json\/wp\/v2\/posts\/38123\/revisions"}],"wp:featuredmedia":[{"embeddable":true,"href":"https:\/\/www.caririemacao.com\/1\/wp-json\/wp\/v2\/media\/38124"}],"wp:attachment":[{"href":"https:\/\/www.caririemacao.com\/1\/wp-json\/wp\/v2\/media?parent=38123"}],"wp:term":[{"taxonomy":"category","embeddable":true,"href":"https:\/\/www.caririemacao.com\/1\/wp-json\/wp\/v2\/categories?post=38123"},{"taxonomy":"post_tag","embeddable":true,"href":"https:\/\/www.caririemacao.com\/1\/wp-json\/wp\/v2\/tags?post=38123"}],"curies":[{"name":"wp","href":"https:\/\/api.w.org\/{rel}","templated":true}]}}