{"id":38129,"date":"2018-01-19T20:28:18","date_gmt":"2018-01-19T23:28:18","guid":{"rendered":"http:\/\/caririemacao.com\/1\/?p=38129"},"modified":"2018-01-19T20:28:18","modified_gmt":"2018-01-19T23:28:18","slug":"carro-do-paraiba-de-premios-e-apreendido-pela-p-r-f-no-sertao-da-paraiba","status":"publish","type":"post","link":"https:\/\/www.caririemacao.com\/1\/2018\/01\/19\/carro-do-paraiba-de-premios-e-apreendido-pela-p-r-f-no-sertao-da-paraiba\/","title":{"rendered":"Carro do Para\u00edba de Pr\u00eamios \u00e9 apreendido pela P.R.F, no sert\u00e3o da Para\u00edba"},"content":{"rendered":"<p>Na manh\u00e3 da quinta-feira (18\/01), um carro pertencente ao Para\u00edba de Pr\u00eamios, empresa ligada a Loteria do Estado da Para\u00edba (LOTEP), foi apreendido pela Pol\u00edcia Rodovi\u00e1ria Federal (PRF), circulando de forma irregular.<\/p>\n<p>O carro um Fiat Uno de placas MOL 5531 de Jaboat\u00e3o dos Guararapes no Pernambuco, foi apreendido na cidade de Pombal, no Sert\u00e3o da Para\u00edba.<\/p>\n<p>O ve\u00edculo estava pronto para ser rebocado do p\u00e1tio da PRF na cidade de Pombal para o dep\u00f3sito da institui\u00e7\u00e3o que fica na cidade de Patos, o motivo da apreens\u00e3o conforme a PRF, seria que o carro estava com o licenciamento atrasado.<\/p>\n<p>Os agentes da PRF, disseram que o ve\u00edculo s\u00f3 seria liberado ap\u00f3s a regulariza\u00e7\u00e3o do mesmo.<\/p>\n<p>Al\u00e9m do carro da empresa veiculada a LOTEP, a PRF tamb\u00e9m apreendeu algumas motos que estavam na mesma situa\u00e7\u00e3o.<\/p>\n<p><strong>CARIRI EM A\u00c7\u00c3O<\/strong><\/p>\n<p><em>Com Papos TV\/Foto: HW Comunica\u00e7\u00e3o<\/em><\/p>\n<p><strong>Leia mais not\u00edcias em\u00a0<\/strong><a href=\"http:\/\/www.caririemacao.com\/\"><strong>caririemacao.com<\/strong><\/a><strong>, siga nossa p\u00e1gina no\u00a0<\/strong><a href=\"https:\/\/www.facebook.com\/CaririEmAcao\/?ref=aymt_homepage_panel\"><strong>Facebook<\/strong><\/a>,<strong>\u00a0<\/strong><a href=\"https:\/\/www.instagram.com\/cariri_em_acao\/?hl=pt-br\"><strong>Instagram<\/strong><\/a><strong>\u00a0e\u00a0<\/strong><a href=\"https:\/\/www.youtube.com\/channel\/UCAptA0jQuYQy8vMhLt2m4qg\"><strong>Youtube<\/strong><\/a><strong>\u00a0e veja nossas mat\u00e9rias, v\u00eddeos e fotos. Voc\u00ea tamb\u00e9m pode enviar informa\u00e7\u00f5es \u00e0 Reda\u00e7\u00e3o do Portal Cariri em A\u00e7\u00e3o pelo WhatsApp (83) 9 9634.5791, (83) 9 9601-1162.<\/strong><\/p>\n","protected":false},"excerpt":{"rendered":"<p>Na manh\u00e3 da quinta-feira (18\/01), um carro pertencente ao Para\u00edba de Pr\u00eamios, empresa ligada a Loteria do Estado da Para\u00edba (LOTEP), foi apreendido pela Pol\u00edcia&hellip; <\/p>\n","protected":false},"author":2,"featured_media":38130,"comment_status":"closed","ping_status":"closed","sticky":false,"template":"","format":"standard","meta":{"sfsi_plus_gutenberg_text_before_share":"","sfsi_plus_gutenberg_show_text_before_share":"","sfsi_plus_gutenberg_icon_type":"","sfsi_plus_gutenberg_icon_alignemt":"","sfsi_plus_gutenburg_max_per_row":"","footnotes":""},"categories":[12],"tags":[],"class_list":["post-38129","post","type-post","status-publish","format-standard","has-post-thumbnail","hentry","category-policia"],"_links":{"self":[{"href":"https:\/\/www.caririemacao.com\/1\/wp-json\/wp\/v2\/posts\/38129","targetHints":{"allow":["GET"]}}],"collection":[{"href":"https:\/\/www.caririemacao.com\/1\/wp-json\/wp\/v2\/posts"}],"about":[{"href":"https:\/\/www.caririemacao.com\/1\/wp-json\/wp\/v2\/types\/post"}],"author":[{"embeddable":true,"href":"https:\/\/www.caririemacao.com\/1\/wp-json\/wp\/v2\/users\/2"}],"replies":[{"embeddable":true,"href":"https:\/\/www.caririemacao.com\/1\/wp-json\/wp\/v2\/comments?post=38129"}],"version-history":[{"count":0,"href":"https:\/\/www.caririemacao.com\/1\/wp-json\/wp\/v2\/posts\/38129\/revisions"}],"wp:featuredmedia":[{"embeddable":true,"href":"https:\/\/www.caririemacao.com\/1\/wp-json\/wp\/v2\/media\/38130"}],"wp:attachment":[{"href":"https:\/\/www.caririemacao.com\/1\/wp-json\/wp\/v2\/media?parent=38129"}],"wp:term":[{"taxonomy":"category","embeddable":true,"href":"https:\/\/www.caririemacao.com\/1\/wp-json\/wp\/v2\/categories?post=38129"},{"taxonomy":"post_tag","embeddable":true,"href":"https:\/\/www.caririemacao.com\/1\/wp-json\/wp\/v2\/tags?post=38129"}],"curies":[{"name":"wp","href":"https:\/\/api.w.org\/{rel}","templated":true}]}}