{"id":38132,"date":"2018-01-19T20:40:46","date_gmt":"2018-01-19T23:40:46","guid":{"rendered":"http:\/\/caririemacao.com\/1\/?p=38132"},"modified":"2018-01-19T20:40:46","modified_gmt":"2018-01-19T23:40:46","slug":"preco-medio-da-gasolina-sobe-pela-12a-semana-seguida-e-se-aproxima-de-r-420","status":"publish","type":"post","link":"https:\/\/www.caririemacao.com\/1\/2018\/01\/19\/preco-medio-da-gasolina-sobe-pela-12a-semana-seguida-e-se-aproxima-de-r-420\/","title":{"rendered":"Pre\u00e7o m\u00e9dio da gasolina sobe pela 12\u00aa semana seguida e se aproxima de R$ 4,20"},"content":{"rendered":"<p>O pre\u00e7o m\u00e9dio da gasolina para o consumidor final subiu pela 12\u00aa semana seguida, se aproximando do patamar de R$ 4,20, segundo dados divulgados nesta sexta-feira (19) pela Ag\u00eancia Nacional do Petr\u00f3leo, G\u00e1s Natural e Biocombust\u00edveis (ANP).<\/p>\n<div class=\"mc-column content-text active-extra-styles \" data-block-type=\"unstyled\" data-block-weight=\"55\" data-block-id=\"2\">\n<p class=\"content-text__container \" data-track-category=\"Link no Texto\" data-track-links=\"\">Na terceira semana do ano, o valor m\u00e9dio por litro subiu 0,26%, para R$ 4,194. Nesse intervalo, a Petrobras reduziu o pre\u00e7o do combust\u00edvel nas refinarias em 1,79%, seguindo sua pol\u00edtica de pre\u00e7os de reajustar os valores quase diariamente para acompanhar as cota\u00e7\u00f5es internacionais. O repasse ou n\u00e3o para o consumidor final depende dos postos.<\/p>\n<\/div>\n<div class=\"mc-column content-text active-extra-styles \" data-block-type=\"unstyled\" data-block-weight=\"19\" data-block-id=\"3\">\n<p class=\"content-text__container \" data-track-category=\"Link no Texto\" data-track-links=\"\">O pre\u00e7o internacional do petr\u00f3leo caiu na semana, com recuo de 1,8% do Brent, utilizado como refer\u00eancia do mercado.<\/p>\n<\/div>\n<div class=\"mc-column content-text active-extra-styles \" data-block-type=\"unstyled\" data-block-weight=\"16\" data-block-id=\"4\">\n<p class=\"content-text__container \" data-track-category=\"Link no Texto\" data-track-links=\"\">Nas tr\u00eas primeiras semanas do ano, o pre\u00e7o m\u00e9dio da gasolina nas bombas j\u00e1 subiu 2,31%.<\/p>\n<\/div>\n<div class=\"mc-column content-text active-extra-styles \" data-block-type=\"unstyled\" data-block-weight=\"49\" data-block-id=\"5\">\n<p class=\"content-text__container \" data-track-category=\"Link no Texto\" data-track-links=\"\">A pol\u00edtica de pre\u00e7os da Petrobras que reajusta os pre\u00e7os quase diariamente foi adotada em julho de 2017, no mesmo m\u00eas em que o governo anunciou uma alta nos impostos sobre os combust\u00edveis. Desde ent\u00e3o, o pre\u00e7o m\u00e9dio da gasolina para o consumidor final j\u00e1 acumula alta de 19,5%.<\/p>\n<\/div>\n<div class=\"mc-column content-text active-extra-styles \" data-block-type=\"unstyled\" data-block-weight=\"15\" data-block-id=\"9\">\n<p class=\"content-text__container \" data-track-category=\"Link no Texto\" data-track-links=\"\">Os demais combust\u00edveis tamb\u00e9m terminaram em alta para o consumidor, ainda segundo dados da ANP.<\/p>\n<\/div>\n<div class=\"mc-column content-text active-extra-styles \" data-block-type=\"unstyled\" data-block-weight=\"34\" data-block-id=\"10\">\n<p class=\"content-text__container \" data-track-category=\"Link no Texto\" data-track-links=\"\">O diesel subiu 0,26%, para R$ 3,377 por litro, em m\u00e9dia. Na mesma semana, a Petrobras reduziu o valor do combust\u00edvel nas refinarias em 0,77%. No ano, o diesel j\u00e1 subiu 1,53% nas bombas.<\/p>\n<\/div>\n<div class=\"mc-column content-text active-extra-styles \" data-block-type=\"unstyled\" data-block-weight=\"33\" data-block-id=\"11\">\n<p class=\"content-text__container \" data-track-category=\"Link no Texto\" data-track-links=\"\">J\u00e1 o etanol teve a maior alta entre os tr\u00eas combust\u00edveis, subindo 0,94% na semana, para a m\u00e9dia de R$ 2,991 por litro. Com isso, o combust\u00edvel acumula alta de 2,71% no ano.<\/p>\n<\/div>\n<p><strong>CARIRI EM A\u00c7\u00c3O<\/strong><\/p>\n<p><em>Com G1\/Foto: Reprodu\u00e7\u00e3o google<\/em><\/p>\n<p><strong>Leia mais not\u00edcias em\u00a0<\/strong><a href=\"http:\/\/www.caririemacao.com\/\"><strong>caririemacao.com<\/strong><\/a><strong>, siga nossa p\u00e1gina no\u00a0<\/strong><a href=\"https:\/\/www.facebook.com\/CaririEmAcao\/?ref=aymt_homepage_panel\"><strong>Facebook<\/strong><\/a>,<strong>\u00a0<\/strong><a href=\"https:\/\/www.instagram.com\/cariri_em_acao\/?hl=pt-br\"><strong>Instagram<\/strong><\/a><strong>\u00a0e\u00a0<\/strong><a href=\"https:\/\/www.youtube.com\/channel\/UCAptA0jQuYQy8vMhLt2m4qg\"><strong>Youtube<\/strong><\/a><strong>\u00a0e veja nossas mat\u00e9rias, v\u00eddeos e fotos. Voc\u00ea tamb\u00e9m pode enviar informa\u00e7\u00f5es \u00e0 Reda\u00e7\u00e3o do Portal Cariri em A\u00e7\u00e3o pelo WhatsApp (83) 9 9634.5791, (83) 9 9601-1162<\/strong><\/p>\n","protected":false},"excerpt":{"rendered":"<p>O pre\u00e7o m\u00e9dio da gasolina para o consumidor final subiu pela 12\u00aa semana seguida, se aproximando do patamar de R$ 4,20, segundo dados divulgados nesta&hellip; <\/p>\n","protected":false},"author":2,"featured_media":38133,"comment_status":"closed","ping_status":"closed","sticky":false,"template":"","format":"standard","meta":{"sfsi_plus_gutenberg_text_before_share":"","sfsi_plus_gutenberg_show_text_before_share":"","sfsi_plus_gutenberg_icon_type":"","sfsi_plus_gutenberg_icon_alignemt":"","sfsi_plus_gutenburg_max_per_row":"","footnotes":""},"categories":[2],"tags":[],"class_list":["post-38132","post","type-post","status-publish","format-standard","has-post-thumbnail","hentry","category-geral"],"_links":{"self":[{"href":"https:\/\/www.caririemacao.com\/1\/wp-json\/wp\/v2\/posts\/38132","targetHints":{"allow":["GET"]}}],"collection":[{"href":"https:\/\/www.caririemacao.com\/1\/wp-json\/wp\/v2\/posts"}],"about":[{"href":"https:\/\/www.caririemacao.com\/1\/wp-json\/wp\/v2\/types\/post"}],"author":[{"embeddable":true,"href":"https:\/\/www.caririemacao.com\/1\/wp-json\/wp\/v2\/users\/2"}],"replies":[{"embeddable":true,"href":"https:\/\/www.caririemacao.com\/1\/wp-json\/wp\/v2\/comments?post=38132"}],"version-history":[{"count":0,"href":"https:\/\/www.caririemacao.com\/1\/wp-json\/wp\/v2\/posts\/38132\/revisions"}],"wp:featuredmedia":[{"embeddable":true,"href":"https:\/\/www.caririemacao.com\/1\/wp-json\/wp\/v2\/media\/38133"}],"wp:attachment":[{"href":"https:\/\/www.caririemacao.com\/1\/wp-json\/wp\/v2\/media?parent=38132"}],"wp:term":[{"taxonomy":"category","embeddable":true,"href":"https:\/\/www.caririemacao.com\/1\/wp-json\/wp\/v2\/categories?post=38132"},{"taxonomy":"post_tag","embeddable":true,"href":"https:\/\/www.caririemacao.com\/1\/wp-json\/wp\/v2\/tags?post=38132"}],"curies":[{"name":"wp","href":"https:\/\/api.w.org\/{rel}","templated":true}]}}