{"id":38135,"date":"2018-01-19T20:45:56","date_gmt":"2018-01-19T23:45:56","guid":{"rendered":"http:\/\/caririemacao.com\/1\/?p=38135"},"modified":"2018-01-19T20:45:56","modified_gmt":"2018-01-19T23:45:56","slug":"cagepa-apresenta-proposta-para-reajuste-das-tarifas-de-agua-e-esgoto","status":"publish","type":"post","link":"https:\/\/www.caririemacao.com\/1\/2018\/01\/19\/cagepa-apresenta-proposta-para-reajuste-das-tarifas-de-agua-e-esgoto\/","title":{"rendered":"Cagepa apresenta proposta para reajuste das tarifas de \u00e1gua e esgoto"},"content":{"rendered":"<p>A Cagepa prop\u00f4s nessa quinta-feira, 18, em audi\u00eancia p\u00fablica, o percentual de 2,9% para a corre\u00e7\u00e3o anual das contas de \u00e1gua e coleta de esgotos.<\/p>\n<p>A tarifa social novamente n\u00e3o ser\u00e1 reajustada \u2013 pelo s\u00e9timo ano consecutivo.<\/p>\n<p>A dire\u00e7\u00e3o da estatal explicou que o reajuste est\u00e1 sendo poss\u00edvel nesse patamar devido \u00e0 recupera\u00e7\u00e3o dos n\u00edveis de arrecada\u00e7\u00e3o nas maiores cidades, notadamente Campina Grande, por for\u00e7a da chegada das \u00e1guas do Rio S\u00e3o Francisco, cujo custo adicional ainda n\u00e3o est\u00e1 sendo cobrado pelo governo federal.<\/p>\n<p>Aqui na Para\u00edba \u00e9 praticado o chamado \u00b4subs\u00eddio cruzado\u00b4, pelo qual os clientes das maiores cidades (Jo\u00e3o Pessoa e Campina, principalmente) bancam o custo dos sistemas de abastecimento das pequenas cidades, que s\u00e3o habitualmente deficit\u00e1rios.<\/p>\n<p><strong>CARIRI EM A\u00c7\u00c3O<\/strong><\/p>\n<p><em>Com Para\u00edba Online\/Foto: Reprodu\u00e7\u00e3o g<\/em><i>oogle<\/i><\/p>\n<p><strong>Leia mais not\u00edcias em\u00a0<\/strong><a href=\"http:\/\/www.caririemacao.com\/\"><strong>caririemacao.com<\/strong><\/a><strong>, siga nossa p\u00e1gina no\u00a0<\/strong><a href=\"https:\/\/www.facebook.com\/CaririEmAcao\/?ref=aymt_homepage_panel\"><strong>Facebook<\/strong><\/a>,<strong>\u00a0<\/strong><a href=\"https:\/\/www.instagram.com\/cariri_em_acao\/?hl=pt-br\"><strong>Instagram<\/strong><\/a><strong>\u00a0e\u00a0<\/strong><a href=\"https:\/\/www.youtube.com\/channel\/UCAptA0jQuYQy8vMhLt2m4qg\"><strong>Youtube<\/strong><\/a><strong>\u00a0e veja nossas mat\u00e9rias, v\u00eddeos e fotos. Voc\u00ea tamb\u00e9m pode enviar informa\u00e7\u00f5es \u00e0 Reda\u00e7\u00e3o do Portal Cariri em A\u00e7\u00e3o pelo WhatsApp (83) 9 9634.5791, (83) 9 9601-1162.<\/strong><\/p>\n","protected":false},"excerpt":{"rendered":"<p>A Cagepa prop\u00f4s nessa quinta-feira, 18, em audi\u00eancia p\u00fablica, o percentual de 2,9% para a corre\u00e7\u00e3o anual das contas de \u00e1gua e coleta de esgotos.&hellip; <\/p>\n","protected":false},"author":2,"featured_media":18051,"comment_status":"closed","ping_status":"closed","sticky":false,"template":"","format":"standard","meta":{"sfsi_plus_gutenberg_text_before_share":"","sfsi_plus_gutenberg_show_text_before_share":"","sfsi_plus_gutenberg_icon_type":"","sfsi_plus_gutenberg_icon_alignemt":"","sfsi_plus_gutenburg_max_per_row":"","footnotes":""},"categories":[2],"tags":[],"class_list":["post-38135","post","type-post","status-publish","format-standard","has-post-thumbnail","hentry","category-geral"],"_links":{"self":[{"href":"https:\/\/www.caririemacao.com\/1\/wp-json\/wp\/v2\/posts\/38135","targetHints":{"allow":["GET"]}}],"collection":[{"href":"https:\/\/www.caririemacao.com\/1\/wp-json\/wp\/v2\/posts"}],"about":[{"href":"https:\/\/www.caririemacao.com\/1\/wp-json\/wp\/v2\/types\/post"}],"author":[{"embeddable":true,"href":"https:\/\/www.caririemacao.com\/1\/wp-json\/wp\/v2\/users\/2"}],"replies":[{"embeddable":true,"href":"https:\/\/www.caririemacao.com\/1\/wp-json\/wp\/v2\/comments?post=38135"}],"version-history":[{"count":0,"href":"https:\/\/www.caririemacao.com\/1\/wp-json\/wp\/v2\/posts\/38135\/revisions"}],"wp:featuredmedia":[{"embeddable":true,"href":"https:\/\/www.caririemacao.com\/1\/wp-json\/wp\/v2\/media\/18051"}],"wp:attachment":[{"href":"https:\/\/www.caririemacao.com\/1\/wp-json\/wp\/v2\/media?parent=38135"}],"wp:term":[{"taxonomy":"category","embeddable":true,"href":"https:\/\/www.caririemacao.com\/1\/wp-json\/wp\/v2\/categories?post=38135"},{"taxonomy":"post_tag","embeddable":true,"href":"https:\/\/www.caririemacao.com\/1\/wp-json\/wp\/v2\/tags?post=38135"}],"curies":[{"name":"wp","href":"https:\/\/api.w.org\/{rel}","templated":true}]}}