{"id":38152,"date":"2018-01-20T06:56:55","date_gmt":"2018-01-20T09:56:55","guid":{"rendered":"http:\/\/caririemacao.com\/1\/?p=38152"},"modified":"2018-01-20T06:56:55","modified_gmt":"2018-01-20T09:56:55","slug":"francisco-estreia-mini-papamovel-na-amazonia-peruana","status":"publish","type":"post","link":"https:\/\/www.caririemacao.com\/1\/2018\/01\/20\/francisco-estreia-mini-papamovel-na-amazonia-peruana\/","title":{"rendered":"Francisco estreia mini papam\u00f3vel na Amaz\u00f4nia peruana"},"content":{"rendered":"<p>O incomum papam\u00f3vel, que mais parecia um carrinho de golfe verde adaptado para a ocasi\u00e3o, percorreu lentamente o interior da arena Madre de Dios, em meio a gritos, aplausos e sorrisos dos presentes, nesta zona fronteiri\u00e7a com Brasil e Bol\u00edvia.<\/p>\n<p>Uma vez no tablado, Francisco desceu do pequeno papam\u00f3vel enquanto o motorista estacionava ao lado. O Papa argentino subiu devagar para fazer seu discurso aos milhares de espectadores e receber uma sauda\u00e7\u00e3o dos dirigentes nativos.<\/p>\n<p>O representante da etnia awaj\u00fan, Santiago Manuin, foi o primeiro a entregar a ele um presente de seu povo.<\/p>\n<p>Sua presen\u00e7a n\u00e3o passou despercebida. Manuin se aproximou em uma cadeira de rodas na qual se encontra desde que ficou gravemente ferido durante os violentos protestos em Bagua, na regi\u00e3o Amazonas (nordeste), em junho de 2009, quando tentava evitar que os manifestantes entrassem em confronto com a Pol\u00edcia.<\/p>\n<p>Nesse enfrentamento morreram 10 nativos e 23 policiais. Na \u00e9poca, o social-democrata Alan Garc\u00eda governava o Peru.<\/p>\n<p>Depois os representantes das etnias achuar, awaj\u00fan, yine, e de outros povos origin\u00e1rios amaz\u00f4nicos se aproximaram do tablado onde o Papa estava e leram discursos nas l\u00ednguas nativas e em espanhol.<\/p>\n<p>Uma vez terminada a cerim\u00f4nia na arena, o Papa voltou a subir em seu pequeno ve\u00edculo e percorreu a parte externa com o bra\u00e7o para o alto. Depois mudou de ve\u00edculo e subiu no tradicional papam\u00f3vel branco para passar pela cidade rumo a um abrigo infantil.<\/p>\n<p><strong>CARIRI EM A\u00c7\u00c3O<\/strong><\/p>\n<p><em>Com Bras\u00edlia de Fato\/Foto:\u00a0Bras\u00edlia de Fato<\/em><\/p>\n<p><strong>Leia mais not\u00edcias em\u00a0<\/strong><a href=\"http:\/\/www.caririemacao.com\/\"><strong>caririemacao.com<\/strong><\/a><strong>, siga nossa p\u00e1gina no\u00a0<\/strong><a href=\"https:\/\/www.facebook.com\/CaririEmAcao\/?ref=aymt_homepage_panel\"><strong>Facebook<\/strong><\/a>,<strong>\u00a0<\/strong><a href=\"https:\/\/www.instagram.com\/cariri_em_acao\/?hl=pt-br\"><strong>Instagram<\/strong><\/a><strong>\u00a0e\u00a0<\/strong><a href=\"https:\/\/www.youtube.com\/channel\/UCAptA0jQuYQy8vMhLt2m4qg\"><strong>Youtube<\/strong><\/a><strong>\u00a0e veja nossas mat\u00e9rias, v\u00eddeos e fotos. Voc\u00ea tamb\u00e9m pode enviar informa\u00e7\u00f5es \u00e0 Reda\u00e7\u00e3o do Portal Cariri em A\u00e7\u00e3o pelo WhatsApp (83) 9 9634.5791, (83) 9 9601-1162.<\/strong><\/p>\n<div class=\"code-block code-block-3\">\n<div align=\"center\"><\/div>\n<\/div>\n","protected":false},"excerpt":{"rendered":"<p>O incomum papam\u00f3vel, que mais parecia um carrinho de golfe verde adaptado para a ocasi\u00e3o, percorreu lentamente o interior da arena Madre de Dios, em&hellip; <\/p>\n","protected":false},"author":2,"featured_media":38153,"comment_status":"closed","ping_status":"closed","sticky":false,"template":"","format":"standard","meta":{"sfsi_plus_gutenberg_text_before_share":"","sfsi_plus_gutenberg_show_text_before_share":"","sfsi_plus_gutenberg_icon_type":"","sfsi_plus_gutenberg_icon_alignemt":"","sfsi_plus_gutenburg_max_per_row":"","footnotes":""},"categories":[2],"tags":[],"class_list":["post-38152","post","type-post","status-publish","format-standard","has-post-thumbnail","hentry","category-geral"],"_links":{"self":[{"href":"https:\/\/www.caririemacao.com\/1\/wp-json\/wp\/v2\/posts\/38152","targetHints":{"allow":["GET"]}}],"collection":[{"href":"https:\/\/www.caririemacao.com\/1\/wp-json\/wp\/v2\/posts"}],"about":[{"href":"https:\/\/www.caririemacao.com\/1\/wp-json\/wp\/v2\/types\/post"}],"author":[{"embeddable":true,"href":"https:\/\/www.caririemacao.com\/1\/wp-json\/wp\/v2\/users\/2"}],"replies":[{"embeddable":true,"href":"https:\/\/www.caririemacao.com\/1\/wp-json\/wp\/v2\/comments?post=38152"}],"version-history":[{"count":0,"href":"https:\/\/www.caririemacao.com\/1\/wp-json\/wp\/v2\/posts\/38152\/revisions"}],"wp:featuredmedia":[{"embeddable":true,"href":"https:\/\/www.caririemacao.com\/1\/wp-json\/wp\/v2\/media\/38153"}],"wp:attachment":[{"href":"https:\/\/www.caririemacao.com\/1\/wp-json\/wp\/v2\/media?parent=38152"}],"wp:term":[{"taxonomy":"category","embeddable":true,"href":"https:\/\/www.caririemacao.com\/1\/wp-json\/wp\/v2\/categories?post=38152"},{"taxonomy":"post_tag","embeddable":true,"href":"https:\/\/www.caririemacao.com\/1\/wp-json\/wp\/v2\/tags?post=38152"}],"curies":[{"name":"wp","href":"https:\/\/api.w.org\/{rel}","templated":true}]}}