{"id":38158,"date":"2018-01-20T07:17:31","date_gmt":"2018-01-20T10:17:31","guid":{"rendered":"http:\/\/caririemacao.com\/1\/?p=38158"},"modified":"2018-01-20T07:17:31","modified_gmt":"2018-01-20T10:17:31","slug":"detran-df-reduz-em-28-os-investimentos-com-a-educacao-no-transito","status":"publish","type":"post","link":"https:\/\/www.caririemacao.com\/1\/2018\/01\/20\/detran-df-reduz-em-28-os-investimentos-com-a-educacao-no-transito\/","title":{"rendered":"Detran-DF reduz em 28% os investimentos com a educa\u00e7\u00e3o no tr\u00e2nsito"},"content":{"rendered":"<p>Em 2016, foram gastos (ou investidos, dependendo do ponto de vista) R$ 7,6 milh\u00f5es na rubrica 2784 (Gest\u00e3o das Atividades de Educa\u00e7\u00e3o de Tr\u00e2nsito). No ano passado, o montante aplicado pelo Detran-DF nessa mesma finalidade se limitou a R$ 5,5 milh\u00f5es.<\/p>\n<p>Para o item 8505.0958, destinado \u00e0 publicidade e propaganda de utilidade p\u00fablica, o Detran-DF aplicou, em 2016, R$ 12,4 milh\u00f5es. No ano passado, a verba alocada para o mesmo mesmo prop\u00f3sito foi de R$ 8,2 milh\u00f5es \u2013 ou 33,9% a menos.<\/p>\n<p><a href=\"http:\/\/caririemacao.com\/1\/wp-content\/uploads\/2018\/01\/Detran-educa\u00e7\u00e3o-no-transito.jpg\"><img fetchpriority=\"high\" decoding=\"async\" class=\"aligncenter size-full wp-image-38159\" src=\"http:\/\/caririemacao.com\/1\/wp-content\/uploads\/2018\/01\/Detran-educa\u00e7\u00e3o-no-transito.jpg\" alt=\"\" width=\"908\" height=\"97\" srcset=\"https:\/\/www.caririemacao.com\/1\/wp-content\/uploads\/2018\/01\/Detran-educa\u00e7\u00e3o-no-transito.jpg 908w, https:\/\/www.caririemacao.com\/1\/wp-content\/uploads\/2018\/01\/Detran-educa\u00e7\u00e3o-no-transito-300x32.jpg 300w, https:\/\/www.caririemacao.com\/1\/wp-content\/uploads\/2018\/01\/Detran-educa\u00e7\u00e3o-no-transito-768x82.jpg 768w\" sizes=\"(max-width: 908px) 100vw, 908px\" \/><\/a><\/p>\n<p>A verba gasta em 2016 com publicidade de utilidade p\u00fablica em ve\u00edculos alternativos de comunica\u00e7\u00e3o foi R$ 1,4 milh\u00e3o. No ano passado, R$ 816,8 mil \u2013 uma queda de 42%.<\/p>\n<p>Na administra\u00e7\u00e3o de pessoal, o \u00f3rg\u00e3o aplicou R$ 230,6 milh\u00f5es \u2013 especificamente no item Benef\u00edcio a Servidores, foram R$ 38 milh\u00f5es. Em 2016, haviam sido R$ 34,8 milh\u00f5es.<\/p>\n<p><a href=\"http:\/\/caririemacao.com\/1\/wp-content\/uploads\/2018\/01\/Detran-beneficio.jpg\"><img decoding=\"async\" class=\"aligncenter size-full wp-image-38161 lazyload\" data-src=\"http:\/\/caririemacao.com\/1\/wp-content\/uploads\/2018\/01\/Detran-beneficio.jpg\" alt=\"\" width=\"725\" height=\"97\" data-srcset=\"https:\/\/www.caririemacao.com\/1\/wp-content\/uploads\/2018\/01\/Detran-beneficio.jpg 725w, https:\/\/www.caririemacao.com\/1\/wp-content\/uploads\/2018\/01\/Detran-beneficio-300x40.jpg 300w\" data-sizes=\"(max-width: 725px) 100vw, 725px\" src=\"data:image\/svg+xml;base64,PHN2ZyB3aWR0aD0iMSIgaGVpZ2h0PSIxIiB4bWxucz0iaHR0cDovL3d3dy53My5vcmcvMjAwMC9zdmciPjwvc3ZnPg==\" style=\"--smush-placeholder-width: 725px; --smush-placeholder-aspect-ratio: 725\/97;\" \/><\/a><\/p>\n<p>Os investimentos com a gest\u00e3o de Atividades de atendimento aos usu\u00e1rios se mantiveram est\u00e1veis: em 2016, o \u00f3rg\u00e3o gastou R$ 19,3 milh\u00f5es para manter ou melhorar esse aspecto. Em 2017, foram R$ 19,7 milh\u00f5es \u2013 ou pouco mais de R$ 400 mil a mais.<\/p>\n<p>A assessoria do Detran-DF foi acionada para comentar os n\u00fameros. No entanto, n\u00e3o o fez justificando que falta acrescentar ao relat\u00f3rio as despesas empenhadas no final do ano.<\/p>\n<p><strong>CARIRI EM A\u00c7\u00c3O<\/strong><\/p>\n<p><em>Com Metr\u00f3poles\/Foto: HW Comunica\u00e7\u00e3o<\/em><\/p>\n<p><strong>Leia mais not\u00edcias em\u00a0<\/strong><a href=\"http:\/\/www.caririemacao.com\/\"><strong>caririemacao.com<\/strong><\/a><strong>, siga nossa p\u00e1gina no\u00a0<\/strong><a href=\"https:\/\/www.facebook.com\/CaririEmAcao\/?ref=aymt_homepage_panel\"><strong>Facebook<\/strong><\/a>,<strong>\u00a0<\/strong><a href=\"https:\/\/www.instagram.com\/cariri_em_acao\/?hl=pt-br\"><strong>Instagram<\/strong><\/a><strong>\u00a0e\u00a0<\/strong><a href=\"https:\/\/www.youtube.com\/channel\/UCAptA0jQuYQy8vMhLt2m4qg\"><strong>Youtube<\/strong><\/a><strong>\u00a0e veja nossas mat\u00e9rias, v\u00eddeos e fotos. Voc\u00ea tamb\u00e9m pode enviar informa\u00e7\u00f5es \u00e0 Reda\u00e7\u00e3o do Portal Cariri em A\u00e7\u00e3o pelo WhatsApp (83) 9 9634.5791, (83) 9 9601-1162.<\/strong><\/p>\n","protected":false},"excerpt":{"rendered":"<p>Em 2016, foram gastos (ou investidos, dependendo do ponto de vista) R$ 7,6 milh\u00f5es na rubrica 2784 (Gest\u00e3o das Atividades de Educa\u00e7\u00e3o de Tr\u00e2nsito). No&hellip; <\/p>\n","protected":false},"author":2,"featured_media":38162,"comment_status":"closed","ping_status":"closed","sticky":false,"template":"","format":"standard","meta":{"sfsi_plus_gutenberg_text_before_share":"","sfsi_plus_gutenberg_show_text_before_share":"","sfsi_plus_gutenberg_icon_type":"","sfsi_plus_gutenberg_icon_alignemt":"","sfsi_plus_gutenburg_max_per_row":"","footnotes":""},"categories":[2],"tags":[],"class_list":["post-38158","post","type-post","status-publish","format-standard","has-post-thumbnail","hentry","category-geral"],"_links":{"self":[{"href":"https:\/\/www.caririemacao.com\/1\/wp-json\/wp\/v2\/posts\/38158","targetHints":{"allow":["GET"]}}],"collection":[{"href":"https:\/\/www.caririemacao.com\/1\/wp-json\/wp\/v2\/posts"}],"about":[{"href":"https:\/\/www.caririemacao.com\/1\/wp-json\/wp\/v2\/types\/post"}],"author":[{"embeddable":true,"href":"https:\/\/www.caririemacao.com\/1\/wp-json\/wp\/v2\/users\/2"}],"replies":[{"embeddable":true,"href":"https:\/\/www.caririemacao.com\/1\/wp-json\/wp\/v2\/comments?post=38158"}],"version-history":[{"count":0,"href":"https:\/\/www.caririemacao.com\/1\/wp-json\/wp\/v2\/posts\/38158\/revisions"}],"wp:featuredmedia":[{"embeddable":true,"href":"https:\/\/www.caririemacao.com\/1\/wp-json\/wp\/v2\/media\/38162"}],"wp:attachment":[{"href":"https:\/\/www.caririemacao.com\/1\/wp-json\/wp\/v2\/media?parent=38158"}],"wp:term":[{"taxonomy":"category","embeddable":true,"href":"https:\/\/www.caririemacao.com\/1\/wp-json\/wp\/v2\/categories?post=38158"},{"taxonomy":"post_tag","embeddable":true,"href":"https:\/\/www.caririemacao.com\/1\/wp-json\/wp\/v2\/tags?post=38158"}],"curies":[{"name":"wp","href":"https:\/\/api.w.org\/{rel}","templated":true}]}}