{"id":38164,"date":"2018-01-20T07:23:46","date_gmt":"2018-01-20T10:23:46","guid":{"rendered":"http:\/\/caririemacao.com\/1\/?p=38164"},"modified":"2018-01-20T07:23:46","modified_gmt":"2018-01-20T10:23:46","slug":"tarifa-de-transporte-coletivo-de-joao-pessoa-passa-a-custar-r-355-a-partir-de-segunda-feira","status":"publish","type":"post","link":"https:\/\/www.caririemacao.com\/1\/2018\/01\/20\/tarifa-de-transporte-coletivo-de-joao-pessoa-passa-a-custar-r-355-a-partir-de-segunda-feira\/","title":{"rendered":"Tarifa de transporte coletivo de Jo\u00e3o Pessoa passa a custar R$ 3,55 a partir de segunda-feira"},"content":{"rendered":"<p>A passagem de transporte coletivo de Jo\u00e3o Pessoa passar\u00e1 a custar R$ 3,55 a partir da pr\u00f3xima segunda-feira (22). O reajuste foi definido, por unanimidade, na tarde de hoje (19) durante reuni\u00e3o do Conselho de Mobilidade Urbana.<\/p>\n<p>De acordo com o superintendente da Semob, Carlos Batinga, a delibera\u00e7\u00e3o do Conselho n\u00e3o precisa mais de homologa\u00e7\u00e3o do prefeito Jo\u00e3o Pessoa, Luciano Cartaxo (PSD).<\/p>\n<p>Participam do Conselho de Mobilidade Urbana representantes da C\u00e2mara Municipal, institui\u00e7\u00f5es estudantis, Sindicato dos Taxistas, Sindicato dos Motoristas e das Empresas de Transporte P\u00fablico, al\u00e9m das Secretarias de Planejamento, Educa\u00e7\u00e3o e Infraestrutura.<\/p>\n<p>Carlos Batinga explicou que o aumento superior a 12% no diesel foi o que provocou um impacto de 7% no pre\u00e7o da passagem.<\/p>\n<div class=\"pf-content\">\n<p><strong>CARIRI EM A\u00c7\u00c3O<\/strong><\/p>\n<p><em>Com Zero83\/Foto: Reprodu\u00e7\u00e3o google<\/em><\/p>\n<p><strong>Leia mais not\u00edcias em\u00a0<\/strong><a href=\"http:\/\/www.caririemacao.com\/\"><strong>caririemacao.com<\/strong><\/a><strong>, siga nossa p\u00e1gina no\u00a0<\/strong><a href=\"https:\/\/www.facebook.com\/CaririEmAcao\/?ref=aymt_homepage_panel\"><strong>Facebook<\/strong><\/a>,<strong>\u00a0<\/strong><a href=\"https:\/\/www.instagram.com\/cariri_em_acao\/?hl=pt-br\"><strong>Instagram<\/strong><\/a><strong>\u00a0e\u00a0<\/strong><a href=\"https:\/\/www.youtube.com\/channel\/UCAptA0jQuYQy8vMhLt2m4qg\"><strong>Youtube<\/strong><\/a><strong>\u00a0e veja nossas mat\u00e9rias, v\u00eddeos e fotos. Voc\u00ea tamb\u00e9m pode enviar informa\u00e7\u00f5es \u00e0 Reda\u00e7\u00e3o do Portal Cariri em A\u00e7\u00e3o pelo WhatsApp (83) 9 9634.5791, (83) 9 9601-1162.<\/strong><\/p>\n<\/div>\n","protected":false},"excerpt":{"rendered":"<p>A passagem de transporte coletivo de Jo\u00e3o Pessoa passar\u00e1 a custar R$ 3,55 a partir da pr\u00f3xima segunda-feira (22). O reajuste foi definido, por unanimidade,&hellip; <\/p>\n","protected":false},"author":2,"featured_media":38165,"comment_status":"closed","ping_status":"closed","sticky":false,"template":"","format":"standard","meta":{"sfsi_plus_gutenberg_text_before_share":"","sfsi_plus_gutenberg_show_text_before_share":"","sfsi_plus_gutenberg_icon_type":"","sfsi_plus_gutenberg_icon_alignemt":"","sfsi_plus_gutenburg_max_per_row":"","footnotes":""},"categories":[2],"tags":[],"class_list":["post-38164","post","type-post","status-publish","format-standard","has-post-thumbnail","hentry","category-geral"],"_links":{"self":[{"href":"https:\/\/www.caririemacao.com\/1\/wp-json\/wp\/v2\/posts\/38164","targetHints":{"allow":["GET"]}}],"collection":[{"href":"https:\/\/www.caririemacao.com\/1\/wp-json\/wp\/v2\/posts"}],"about":[{"href":"https:\/\/www.caririemacao.com\/1\/wp-json\/wp\/v2\/types\/post"}],"author":[{"embeddable":true,"href":"https:\/\/www.caririemacao.com\/1\/wp-json\/wp\/v2\/users\/2"}],"replies":[{"embeddable":true,"href":"https:\/\/www.caririemacao.com\/1\/wp-json\/wp\/v2\/comments?post=38164"}],"version-history":[{"count":0,"href":"https:\/\/www.caririemacao.com\/1\/wp-json\/wp\/v2\/posts\/38164\/revisions"}],"wp:featuredmedia":[{"embeddable":true,"href":"https:\/\/www.caririemacao.com\/1\/wp-json\/wp\/v2\/media\/38165"}],"wp:attachment":[{"href":"https:\/\/www.caririemacao.com\/1\/wp-json\/wp\/v2\/media?parent=38164"}],"wp:term":[{"taxonomy":"category","embeddable":true,"href":"https:\/\/www.caririemacao.com\/1\/wp-json\/wp\/v2\/categories?post=38164"},{"taxonomy":"post_tag","embeddable":true,"href":"https:\/\/www.caririemacao.com\/1\/wp-json\/wp\/v2\/tags?post=38164"}],"curies":[{"name":"wp","href":"https:\/\/api.w.org\/{rel}","templated":true}]}}