{"id":38174,"date":"2018-01-20T10:35:52","date_gmt":"2018-01-20T13:35:52","guid":{"rendered":"http:\/\/caririemacao.com\/1\/?p=38174"},"modified":"2018-01-20T10:35:52","modified_gmt":"2018-01-20T13:35:52","slug":"quase-15-mil-pessoas-prestigiam-penultima-da-festa-do-padroeiro-de-sao-sebastiao-do-umbuzeiro","status":"publish","type":"post","link":"https:\/\/www.caririemacao.com\/1\/2018\/01\/20\/quase-15-mil-pessoas-prestigiam-penultima-da-festa-do-padroeiro-de-sao-sebastiao-do-umbuzeiro\/","title":{"rendered":"Quase 15 mil pessoas prestigiam pen\u00faltima da Festa do padroeiro de S\u00e3o Sebasti\u00e3o do Umbuzeiro"},"content":{"rendered":"<p>A noite desta sexta-feira, dia 19, foi marcada com a presen\u00e7a de uma multid\u00e3o na cidade de S\u00e3o Sebasti\u00e3o do Umbuzeiro para participar do pen\u00faltimo dia da Festa do Padroeiro do munic\u00edpio, S\u00e3o Sebasti\u00e3o.<\/p>\n<p>&nbsp;<\/p>\n<p>Na oportunidade, o prefeito Adriano Wolff recepcionou v\u00e1rias autoridades que foram a cidade prestigiar a festa considerada uma das maiores do Nordeste, no segmento religioso.<\/p>\n<p>Entre as lideran\u00e7as, o deputado estadual, Adriano Galdino, destacou a import\u00e2ncia da festa e da organiza\u00e7\u00e3o por parte da Prefeitura Municipal e da Par\u00f3quia de S\u00e3o Sebasti\u00e3o.<a href=\"http:\/\/caririemacao.com\/1\/wp-content\/uploads\/2018\/01\/DSC_0100.jpg\"><img fetchpriority=\"high\" decoding=\"async\" class=\"aligncenter wp-image-38193 size-full\" src=\"http:\/\/caririemacao.com\/1\/wp-content\/uploads\/2018\/01\/DSC_0100.jpg\" alt=\"\" width=\"800\" height=\"533\" srcset=\"https:\/\/www.caririemacao.com\/1\/wp-content\/uploads\/2018\/01\/DSC_0100.jpg 800w, https:\/\/www.caririemacao.com\/1\/wp-content\/uploads\/2018\/01\/DSC_0100-300x200.jpg 300w, https:\/\/www.caririemacao.com\/1\/wp-content\/uploads\/2018\/01\/DSC_0100-768x512.jpg 768w\" sizes=\"(max-width: 800px) 100vw, 800px\" \/><\/a><\/p>\n<p>&nbsp;<\/p>\n<p>Al\u00e9m do deputado Adriano Galdino, tamb\u00e9m esteve presente o vice-prefeito Chico Mariano, o ex-prefeito Chico Neves, prefeito e vice-prefeita de S\u00e3o Jo\u00e3o do Tigre, C\u00e9lio e Em\u00edlia, respectivamente, dos presidentes das C\u00e2maras de S\u00e3o Jo\u00e3o do Tigre e S\u00e3o Sebasti\u00e3o do Umbuzeiro, Arn\u00f3bio e Denis, respectivamente, e seus colegas parlamentares.<\/p>\n<p><img decoding=\"async\" class=\"aligncenter size-full wp-image-38196 lazyload\" data-src=\"http:\/\/caririemacao.com\/1\/wp-content\/uploads\/2018\/01\/DSC_0190.jpg\" alt=\"\" width=\"800\" height=\"533\" data-srcset=\"https:\/\/www.caririemacao.com\/1\/wp-content\/uploads\/2018\/01\/DSC_0190.jpg 800w, https:\/\/www.caririemacao.com\/1\/wp-content\/uploads\/2018\/01\/DSC_0190-300x200.jpg 300w, https:\/\/www.caririemacao.com\/1\/wp-content\/uploads\/2018\/01\/DSC_0190-768x512.jpg 768w\" data-sizes=\"(max-width: 800px) 100vw, 800px\" src=\"data:image\/svg+xml;base64,PHN2ZyB3aWR0aD0iMSIgaGVpZ2h0PSIxIiB4bWxucz0iaHR0cDovL3d3dy53My5vcmcvMjAwMC9zdmciPjwvc3ZnPg==\" style=\"--smush-placeholder-width: 800px; --smush-placeholder-aspect-ratio: 800\/533;\" \/><\/p>\n<p>&nbsp;<\/p>\n<p>As pessoas presentes ao evento puderam se divertir muito ao som de \u00cdcaro e Vit\u00f3rio, Dimeliora, Samyra Show e Dorgival Dantas que emocionou com lindas e envolventes m\u00fasicas.<\/p>\n<p>O prefeito Adriano disse que estava satisfeito com a 106\u00aa edi\u00e7\u00e3o da festa e dedicou o sucesso da programa\u00e7\u00e3o as fam\u00edlias de S\u00e3o Sebasti\u00e3o do Umbuzeiro, a Par\u00f3quia de S\u00e3o Sebasti\u00e3o e Prefeitura Municipal pela organiza\u00e7\u00e3o.<\/p>\n<p><div class=\"ose- ose-uid-cda9fbad6f533fd14f84777871fd691f ose-embedpress-responsive\" style=\"width:600px; height:550px; max-height:550px; max-width:100%; display:inline-block;\" data-embed-type=\"Facebook\"><iframe allowFullScreen=\"true\" class=\"embera-facebook-iframe-3399b lazyload\" data-src=\"https:\/\/www.facebook.com\/plugins\/post.php?href=https%3A%2F%2Fwww.facebook.com%2Fmedia%2Fset%2F%3Fset%3Da.1167123253423696.1073742658.302749469861083%26%23038%3Btype%3D1%26%23038%3Bl%3D6dbc896bdd&width=600&height=550&show_text=true\" width=\"600\" height=\"550\" style=\"border:none;overflow:hidden\" scrolling=\"no\" frameborder=\"0\" allowTransparency=\"true\" src=\"data:image\/svg+xml;base64,PHN2ZyB3aWR0aD0iMSIgaGVpZ2h0PSIxIiB4bWxucz0iaHR0cDovL3d3dy53My5vcmcvMjAwMC9zdmciPjwvc3ZnPg==\" data-load-mode=\"1\"><\/iframe><\/div><\/p>\n<p><strong>CARIRI EM A\u00c7\u00c3O<\/strong><\/p>\n<p><strong>Leia mais not\u00edcias em\u00a0<\/strong><a style=\"font-style: inherit; font-weight: inherit;\" href=\"http:\/\/www.caririemacao.com\/\"><strong style=\"font-style: inherit;\">caririemacao.com<\/strong><\/a><strong style=\"font-style: inherit;\">, siga nossa p\u00e1gina no\u00a0<\/strong><a style=\"font-style: inherit; font-weight: inherit;\" href=\"https:\/\/www.facebook.com\/CaririEmAcao\/?ref=aymt_homepage_panel\"><strong style=\"font-style: inherit;\">Facebook<\/strong><\/a>,<strong style=\"font-style: inherit;\">\u00a0<\/strong><a style=\"font-style: inherit; font-weight: inherit;\" href=\"https:\/\/www.instagram.com\/cariri_em_acao\/?hl=pt-br\"><strong style=\"font-style: inherit;\">Instagram<\/strong><\/a><strong style=\"font-style: inherit;\">\u00a0e\u00a0<\/strong><a style=\"font-style: inherit; font-weight: inherit;\" href=\"https:\/\/www.youtube.com\/channel\/UCAptA0jQuYQy8vMhLt2m4qg\"><strong style=\"font-style: inherit;\">Youtube<\/strong><\/a><strong style=\"font-style: inherit;\">\u00a0e veja nossas mat\u00e9rias, v\u00eddeos e fotos. Voc\u00ea tamb\u00e9m pode enviar informa\u00e7\u00f5es \u00e0 Reda\u00e7\u00e3o do Portal Cariri em A\u00e7\u00e3o pelo WhatsApp (83) 9 9634.5791, (83) 9 9601-1162.<\/strong><\/p>\n","protected":false},"excerpt":{"rendered":"<p>A noite desta sexta-feira, dia 19, foi marcada com a presen\u00e7a de uma multid\u00e3o na cidade de S\u00e3o Sebasti\u00e3o do Umbuzeiro para participar do pen\u00faltimo&hellip; <\/p>\n","protected":false},"author":2,"featured_media":38192,"comment_status":"closed","ping_status":"closed","sticky":false,"template":"","format":"standard","meta":{"sfsi_plus_gutenberg_text_before_share":"","sfsi_plus_gutenberg_show_text_before_share":"","sfsi_plus_gutenberg_icon_type":"","sfsi_plus_gutenberg_icon_alignemt":"","sfsi_plus_gutenburg_max_per_row":"","footnotes":""},"categories":[2],"tags":[],"class_list":["post-38174","post","type-post","status-publish","format-standard","has-post-thumbnail","hentry","category-geral"],"_links":{"self":[{"href":"https:\/\/www.caririemacao.com\/1\/wp-json\/wp\/v2\/posts\/38174","targetHints":{"allow":["GET"]}}],"collection":[{"href":"https:\/\/www.caririemacao.com\/1\/wp-json\/wp\/v2\/posts"}],"about":[{"href":"https:\/\/www.caririemacao.com\/1\/wp-json\/wp\/v2\/types\/post"}],"author":[{"embeddable":true,"href":"https:\/\/www.caririemacao.com\/1\/wp-json\/wp\/v2\/users\/2"}],"replies":[{"embeddable":true,"href":"https:\/\/www.caririemacao.com\/1\/wp-json\/wp\/v2\/comments?post=38174"}],"version-history":[{"count":0,"href":"https:\/\/www.caririemacao.com\/1\/wp-json\/wp\/v2\/posts\/38174\/revisions"}],"wp:featuredmedia":[{"embeddable":true,"href":"https:\/\/www.caririemacao.com\/1\/wp-json\/wp\/v2\/media\/38192"}],"wp:attachment":[{"href":"https:\/\/www.caririemacao.com\/1\/wp-json\/wp\/v2\/media?parent=38174"}],"wp:term":[{"taxonomy":"category","embeddable":true,"href":"https:\/\/www.caririemacao.com\/1\/wp-json\/wp\/v2\/categories?post=38174"},{"taxonomy":"post_tag","embeddable":true,"href":"https:\/\/www.caririemacao.com\/1\/wp-json\/wp\/v2\/tags?post=38174"}],"curies":[{"name":"wp","href":"https:\/\/api.w.org\/{rel}","templated":true}]}}