{"id":38188,"date":"2018-01-20T09:17:44","date_gmt":"2018-01-20T12:17:44","guid":{"rendered":"http:\/\/caririemacao.com\/1\/?p=38188"},"modified":"2018-01-20T09:17:44","modified_gmt":"2018-01-20T12:17:44","slug":"apresentado-no-palmeiras-scarpa-justifica-escolha-desejo-antigo","status":"publish","type":"post","link":"https:\/\/www.caririemacao.com\/1\/2018\/01\/20\/apresentado-no-palmeiras-scarpa-justifica-escolha-desejo-antigo\/","title":{"rendered":"Apresentado no Palmeiras, Scarpa justifica escolha: \u2018Desejo antigo\u2019"},"content":{"rendered":"<p>O meia Gustavo Scarpa usar\u00e1 o uniforme de n\u00famero 14 no Palmeiras e, na entrevista coletiva concedida na Academia de Futebol, contou os motivos que o levaram a preterir times como Corinthians, S\u00e3o Paulo e Atl\u00e9tico-MG para fechar com o alviverde. A estrutura e a vontade antiga de defender a equipe foram decisivas.<\/p>\n<p>\u201cO Palmeiras \u00e9 um desejo antigo deles e meu tamb\u00e9m. Eles fizeram um grande esfor\u00e7o para me trazer em outras duas oportunidades. N\u00e3o foi poss\u00edvel concretizar. Mas assim que apareceu a real chance, quis vir\u201d, disse. O meia de 24 anos assinou contrato com o Palmeiras por cinco temporadas.<\/p>\n<p>Gustavo Scarpa estreou pela equipe profissional do Fluminense em 2014. O jogador foi o l\u00edder de assist\u00eancias do Campeonato Brasileiro de 2016 ao lado do palmeirense Dudu, ambos com dez, e tamb\u00e9m dominou a lista do fundamento em 2017, com 12 passes diretos para gol.<\/p>\n<p>Scarpa revelou que a aproxima\u00e7\u00e3o com o Palmeiras teve in\u00edcio em 2015. O desejo em vir foi alimentado pela boa reputa\u00e7\u00e3o do clube. \u201cSem d\u00favida a estrutura do Palmeiras, o peso da camisa e o esfor\u00e7o que todos fizeram para eu estar aqui foram importantes\u201d, afirmou. \u201cQuando joguei contra o Palmeiras, sentia o peso da torcida no Allianz. Todos os jogadores conversam entre si e acabam mencionando a estrutura dos lugares. A do Palmeiras \u00e9 impressionante. Superou minhas expectativas\u201d, comentou.<\/p>\n<p>Para chegar ao Palmeiras, o meia precisou passar por uma briga na Justi\u00e7a com o Fluminense. Scarpa cobrava cerca de R$ 9 milh\u00f5es por atrasos salariais, direitos de imagem, FGTS e outras pend\u00eancias. Uma liminar concedida na \u00faltima semana liberou o jogador para rescindir contrato. Depois disso, o clube paulista venceu a concorr\u00eancia com S\u00e3o Paulo, Corinthians, Flamengo e Atl\u00e9tico-MG para fechar o v\u00ednculo.<\/p>\n<p>O meia evitou criticar o clube carioca, mas deixou evidente a insatisfa\u00e7\u00e3o com os dirigentes.<\/p>\n<p>\u201cN\u00e3o chego a dizer que ficar l\u00e1 seria uma fria. Quando estava negociando com o Palmeiras, alguns jogadores n\u00e3o estavam querendo ir para o Fluminense em troca. At\u00e9 me perguntaram se eu fiquei bravo com isso. Eu disse que n\u00e3o, porque eu entendia a decis\u00e3o deles\u201d, disse Scarpa em refer\u00eancia \u00e0 troca frustrada por Hyoran e R\u00f3ger Guedes.<\/p>\n<p>O jogador come\u00e7ou a treinar na Academia de Futebol na ter\u00e7a-feira, com trabalho f\u00edsicos separados do restante do elenco. A batalha judicial com o Fluminense atrapalhou a pr\u00e9-temporada do meia, que apesar de ter realizado exerc\u00edcios sob a supervis\u00e3o de um preparador, apresentou-se ao clube com a necessidade de mais alguns dias de atividade para poder estrear.<\/p>\n<p><strong>CARIRI EM A\u00c7\u00c3O<\/strong><\/p>\n<p><em>Com Bras\u00edlia de Fato\/Foto:\u00a0Bras\u00edlia de Fato<\/em><\/p>\n<p><strong>Leia mais not\u00edcias em\u00a0<\/strong><a href=\"http:\/\/www.caririemacao.com\/\"><strong>caririemacao.com<\/strong><\/a><strong>, siga nossa p\u00e1gina no\u00a0<\/strong><a href=\"https:\/\/www.facebook.com\/CaririEmAcao\/?ref=aymt_homepage_panel\"><strong>Facebook<\/strong><\/a>,<strong>\u00a0<\/strong><a href=\"https:\/\/www.instagram.com\/cariri_em_acao\/?hl=pt-br\"><strong>Instagram<\/strong><\/a><strong>\u00a0e\u00a0<\/strong><a href=\"https:\/\/www.youtube.com\/channel\/UCAptA0jQuYQy8vMhLt2m4qg\"><strong>Youtube<\/strong><\/a><strong>\u00a0e veja nossas mat\u00e9rias, v\u00eddeos e fotos. Voc\u00ea tamb\u00e9m pode enviar informa\u00e7\u00f5es \u00e0 Reda\u00e7\u00e3o do Portal Cariri em A\u00e7\u00e3o pelo WhatsApp (83) 9 9634.5791, (83) 9 9601-1162.<\/strong><\/p>\n","protected":false},"excerpt":{"rendered":"<p>O meia Gustavo Scarpa usar\u00e1 o uniforme de n\u00famero 14 no Palmeiras e, na entrevista coletiva concedida na Academia de Futebol, contou os motivos que&hellip; <\/p>\n","protected":false},"author":2,"featured_media":38189,"comment_status":"closed","ping_status":"closed","sticky":false,"template":"","format":"standard","meta":{"sfsi_plus_gutenberg_text_before_share":"","sfsi_plus_gutenberg_show_text_before_share":"","sfsi_plus_gutenberg_icon_type":"","sfsi_plus_gutenberg_icon_alignemt":"","sfsi_plus_gutenburg_max_per_row":"","footnotes":""},"categories":[13],"tags":[],"class_list":["post-38188","post","type-post","status-publish","format-standard","has-post-thumbnail","hentry","category-esportes"],"_links":{"self":[{"href":"https:\/\/www.caririemacao.com\/1\/wp-json\/wp\/v2\/posts\/38188","targetHints":{"allow":["GET"]}}],"collection":[{"href":"https:\/\/www.caririemacao.com\/1\/wp-json\/wp\/v2\/posts"}],"about":[{"href":"https:\/\/www.caririemacao.com\/1\/wp-json\/wp\/v2\/types\/post"}],"author":[{"embeddable":true,"href":"https:\/\/www.caririemacao.com\/1\/wp-json\/wp\/v2\/users\/2"}],"replies":[{"embeddable":true,"href":"https:\/\/www.caririemacao.com\/1\/wp-json\/wp\/v2\/comments?post=38188"}],"version-history":[{"count":0,"href":"https:\/\/www.caririemacao.com\/1\/wp-json\/wp\/v2\/posts\/38188\/revisions"}],"wp:featuredmedia":[{"embeddable":true,"href":"https:\/\/www.caririemacao.com\/1\/wp-json\/wp\/v2\/media\/38189"}],"wp:attachment":[{"href":"https:\/\/www.caririemacao.com\/1\/wp-json\/wp\/v2\/media?parent=38188"}],"wp:term":[{"taxonomy":"category","embeddable":true,"href":"https:\/\/www.caririemacao.com\/1\/wp-json\/wp\/v2\/categories?post=38188"},{"taxonomy":"post_tag","embeddable":true,"href":"https:\/\/www.caririemacao.com\/1\/wp-json\/wp\/v2\/tags?post=38188"}],"curies":[{"name":"wp","href":"https:\/\/api.w.org\/{rel}","templated":true}]}}