{"id":38204,"date":"2018-01-20T23:19:14","date_gmt":"2018-01-21T02:19:14","guid":{"rendered":"http:\/\/caririemacao.com\/1\/?p=38204"},"modified":"2018-01-20T23:19:14","modified_gmt":"2018-01-21T02:19:14","slug":"jovem-de-sao-sebastiao-do-umbuzeiro-esta-desaparecida-apos-sair-para-ir-para-casa","status":"publish","type":"post","link":"https:\/\/www.caririemacao.com\/1\/2018\/01\/20\/jovem-de-sao-sebastiao-do-umbuzeiro-esta-desaparecida-apos-sair-para-ir-para-casa\/","title":{"rendered":"Jovem de S\u00e3o Sebasti\u00e3o do Umbuzeiro est\u00e1 desaparecida ap\u00f3s sair para ir para casa"},"content":{"rendered":"<p>A jovem Elisangela Alves Ibiapino, 17 anos, popularmente conhecida por Nininha, de S\u00e3o Sebasti\u00e3o do Umbuzeiro-PB, est\u00e1 desaparecida desde a madrugada deste s\u00e1bado (20), quando saiu da Festa de S\u00e3o Sebasti\u00e3o, que estava acontecendo na Pra\u00e7a de Eventos no munic\u00edpio de S\u00e3o Sebasti\u00e3o do Umbuzeiro, em dire\u00e7\u00e3o a sua casa na Rua do Campo.<\/p>\n<p>Segundo seus pais, ela saiu para ir \u00e0 casa sozinha para trocar um sapato que estava apertando seus p\u00e9s, at\u00e9 essa hora n\u00e3o deu noticias e ningu\u00e9m sabe seu paradeiro. Sua fam\u00edlia est\u00e1 desesperada.<\/p>\n<p>Qualquer informa\u00e7\u00e3o do paradeiro de Nininha, favor entrar em contato com a reda\u00e7\u00e3o do Blog do Didi, fone 83-99635-6001 ou no E-mail didimilton2016@gmail.com<\/p>\n<p><strong>CARIRI EM A\u00c7\u00c3O<\/strong><\/p>\n<p><em>Com Blog do Didi\/Foto:\u00a0Blog do Didi<\/em><\/p>\n<p><strong>Leia mais not\u00edcias em\u00a0<\/strong><a href=\"http:\/\/www.caririemacao.com\/\"><strong>caririemacao.com<\/strong><\/a><strong>, siga nossa p\u00e1gina no\u00a0<\/strong><a href=\"https:\/\/www.facebook.com\/CaririEmAcao\/?ref=aymt_homepage_panel\"><strong>Facebook<\/strong><\/a>,<strong>\u00a0<\/strong><a href=\"https:\/\/www.instagram.com\/cariri_em_acao\/?hl=pt-br\"><strong>Instagram<\/strong><\/a><strong>\u00a0e\u00a0<\/strong><a href=\"https:\/\/www.youtube.com\/channel\/UCAptA0jQuYQy8vMhLt2m4qg\"><strong>Youtube<\/strong><\/a><strong>\u00a0e veja nossas mat\u00e9rias, v\u00eddeos e fotos. Voc\u00ea tamb\u00e9m pode enviar informa\u00e7\u00f5es \u00e0 Reda\u00e7\u00e3o do Portal Cariri em A\u00e7\u00e3o pelo WhatsApp (83) 9 9634.5791, (83) 9 9601-1162.<\/strong><\/p>\n","protected":false},"excerpt":{"rendered":"<p>A jovem Elisangela Alves Ibiapino, 17 anos, popularmente conhecida por Nininha, de S\u00e3o Sebasti\u00e3o do Umbuzeiro-PB, est\u00e1 desaparecida desde a madrugada deste s\u00e1bado (20), quando&hellip; <\/p>\n","protected":false},"author":2,"featured_media":38205,"comment_status":"closed","ping_status":"closed","sticky":false,"template":"","format":"standard","meta":{"sfsi_plus_gutenberg_text_before_share":"","sfsi_plus_gutenberg_show_text_before_share":"","sfsi_plus_gutenberg_icon_type":"","sfsi_plus_gutenberg_icon_alignemt":"","sfsi_plus_gutenburg_max_per_row":"","footnotes":""},"categories":[12],"tags":[],"class_list":["post-38204","post","type-post","status-publish","format-standard","has-post-thumbnail","hentry","category-policia"],"_links":{"self":[{"href":"https:\/\/www.caririemacao.com\/1\/wp-json\/wp\/v2\/posts\/38204","targetHints":{"allow":["GET"]}}],"collection":[{"href":"https:\/\/www.caririemacao.com\/1\/wp-json\/wp\/v2\/posts"}],"about":[{"href":"https:\/\/www.caririemacao.com\/1\/wp-json\/wp\/v2\/types\/post"}],"author":[{"embeddable":true,"href":"https:\/\/www.caririemacao.com\/1\/wp-json\/wp\/v2\/users\/2"}],"replies":[{"embeddable":true,"href":"https:\/\/www.caririemacao.com\/1\/wp-json\/wp\/v2\/comments?post=38204"}],"version-history":[{"count":0,"href":"https:\/\/www.caririemacao.com\/1\/wp-json\/wp\/v2\/posts\/38204\/revisions"}],"wp:featuredmedia":[{"embeddable":true,"href":"https:\/\/www.caririemacao.com\/1\/wp-json\/wp\/v2\/media\/38205"}],"wp:attachment":[{"href":"https:\/\/www.caririemacao.com\/1\/wp-json\/wp\/v2\/media?parent=38204"}],"wp:term":[{"taxonomy":"category","embeddable":true,"href":"https:\/\/www.caririemacao.com\/1\/wp-json\/wp\/v2\/categories?post=38204"},{"taxonomy":"post_tag","embeddable":true,"href":"https:\/\/www.caririemacao.com\/1\/wp-json\/wp\/v2\/tags?post=38204"}],"curies":[{"name":"wp","href":"https:\/\/api.w.org\/{rel}","templated":true}]}}