{"id":38208,"date":"2018-01-21T06:55:38","date_gmt":"2018-01-21T09:55:38","guid":{"rendered":"http:\/\/caririemacao.com\/1\/?p=38208"},"modified":"2018-01-21T06:55:38","modified_gmt":"2018-01-21T09:55:38","slug":"abertas-inscricoes-para-estagio-de-direito-da-ufpb","status":"publish","type":"post","link":"https:\/\/www.caririemacao.com\/1\/2018\/01\/21\/abertas-inscricoes-para-estagio-de-direito-da-ufpb\/","title":{"rendered":"Abertas inscri\u00e7\u00f5es para Est\u00e1gio de Direito da UFPB"},"content":{"rendered":"<p>Est\u00e3o abertas as inscri\u00e7\u00f5es para a sele\u00e7\u00e3o de bolsistas que v\u00e3o atuar na Procuradoria Jur\u00eddica Federal da UFPB (PJ) para contrata\u00e7\u00e3o imediata de 02(dois) graduandos do Curso de Direito da UFPB. O processo seletivo servir\u00e1, tamb\u00e9m, para forma\u00e7\u00e3o de cadastro de reserva.<\/p>\n<p>Os estudantes dever\u00e3o estar cursando entre o 5\u00ba e o 8\u00ba per\u00edodo\/fase\/semestre no momento da sele\u00e7\u00e3o e ter disponibilidade de uma jornada de 20(vinte) horas semanais, pelo per\u00edodo de 1(um) ano, prorrog\u00e1vel por mais 1(um) ano.<\/p>\n<p>As inscri\u00e7\u00f5es acontecem na secretaria da PJ, no pr\u00e9dio da Reitoria, de 05 a 09 de fevereiro deste ano, das 8h \u00e0s 12h, e das 13h \u00e0s 17h.<\/p>\n<p>A sele\u00e7\u00e3o ser\u00e1 realizada com base no Coeficiente de Rendimento Escolar. O resultado ser\u00e1 divulgado no dia 22 em publica\u00e7\u00e3o no site da UFPB.<\/p>\n<p>&nbsp;<\/p>\n<p><strong>CARIRI EM A\u00c7\u00c3O<\/strong><\/p>\n<p><em>Com Clik PB \/Foto:\u00a0Walla Santos<\/em><\/p>\n<p><strong>Leia mais not\u00edcias em\u00a0<\/strong><a href=\"http:\/\/www.caririemacao.com\/\"><strong>caririemacao.com<\/strong><\/a><strong>, siga nossa p\u00e1gina no\u00a0<\/strong><a href=\"https:\/\/www.facebook.com\/CaririEmAcao\/?ref=aymt_homepage_panel\"><strong>Facebook<\/strong><\/a>,<strong>\u00a0<\/strong><a href=\"https:\/\/www.instagram.com\/cariri_em_acao\/?hl=pt-br\"><strong>Instagram<\/strong><\/a><strong>\u00a0e\u00a0<\/strong><a href=\"https:\/\/www.youtube.com\/channel\/UCAptA0jQuYQy8vMhLt2m4qg\"><strong>Youtube<\/strong><\/a><strong>\u00a0e veja nossas mat\u00e9rias, v\u00eddeos e fotos. Voc\u00ea tamb\u00e9m pode enviar informa\u00e7\u00f5es \u00e0 Reda\u00e7\u00e3o do Portal Cariri em A\u00e7\u00e3o pelo WhatsApp (83) 9 9634.5791, (83) 9 9601-1162.<\/strong><\/p>\n","protected":false},"excerpt":{"rendered":"<p>Est\u00e3o abertas as inscri\u00e7\u00f5es para a sele\u00e7\u00e3o de bolsistas que v\u00e3o atuar na Procuradoria Jur\u00eddica Federal da UFPB (PJ) para contrata\u00e7\u00e3o imediata de 02(dois) graduandos&hellip; <\/p>\n","protected":false},"author":2,"featured_media":38209,"comment_status":"closed","ping_status":"closed","sticky":false,"template":"","format":"standard","meta":{"sfsi_plus_gutenberg_text_before_share":"","sfsi_plus_gutenberg_show_text_before_share":"","sfsi_plus_gutenberg_icon_type":"","sfsi_plus_gutenberg_icon_alignemt":"","sfsi_plus_gutenburg_max_per_row":"","footnotes":""},"categories":[14],"tags":[],"class_list":["post-38208","post","type-post","status-publish","format-standard","has-post-thumbnail","hentry","category-educacao"],"_links":{"self":[{"href":"https:\/\/www.caririemacao.com\/1\/wp-json\/wp\/v2\/posts\/38208","targetHints":{"allow":["GET"]}}],"collection":[{"href":"https:\/\/www.caririemacao.com\/1\/wp-json\/wp\/v2\/posts"}],"about":[{"href":"https:\/\/www.caririemacao.com\/1\/wp-json\/wp\/v2\/types\/post"}],"author":[{"embeddable":true,"href":"https:\/\/www.caririemacao.com\/1\/wp-json\/wp\/v2\/users\/2"}],"replies":[{"embeddable":true,"href":"https:\/\/www.caririemacao.com\/1\/wp-json\/wp\/v2\/comments?post=38208"}],"version-history":[{"count":0,"href":"https:\/\/www.caririemacao.com\/1\/wp-json\/wp\/v2\/posts\/38208\/revisions"}],"wp:featuredmedia":[{"embeddable":true,"href":"https:\/\/www.caririemacao.com\/1\/wp-json\/wp\/v2\/media\/38209"}],"wp:attachment":[{"href":"https:\/\/www.caririemacao.com\/1\/wp-json\/wp\/v2\/media?parent=38208"}],"wp:term":[{"taxonomy":"category","embeddable":true,"href":"https:\/\/www.caririemacao.com\/1\/wp-json\/wp\/v2\/categories?post=38208"},{"taxonomy":"post_tag","embeddable":true,"href":"https:\/\/www.caririemacao.com\/1\/wp-json\/wp\/v2\/tags?post=38208"}],"curies":[{"name":"wp","href":"https:\/\/api.w.org\/{rel}","templated":true}]}}