{"id":38213,"date":"2018-01-21T07:14:22","date_gmt":"2018-01-21T10:14:22","guid":{"rendered":"http:\/\/caririemacao.com\/1\/?p=38213"},"modified":"2018-01-21T07:14:22","modified_gmt":"2018-01-21T10:14:22","slug":"mulher-fica-ferida-apos-muro-cair-sobre-ela-em-campina-grande","status":"publish","type":"post","link":"https:\/\/www.caririemacao.com\/1\/2018\/01\/21\/mulher-fica-ferida-apos-muro-cair-sobre-ela-em-campina-grande\/","title":{"rendered":"Mulher fica ferida ap\u00f3s muro cair sobre ela em Campina Grande"},"content":{"rendered":"<div class=\"mc-column content-text active-extra-styles \" data-block-type=\"unstyled\" data-block-weight=\"53\" data-block-id=\"3\">\n<p class=\"content-text__container \" data-track-category=\"Link no Texto\" data-track-links=\"\">Uma mulher ficou ferida ap\u00f3s o muro de uma lavanderia p\u00fablica na Rua Napole\u00e3o Laureano, bairro do Alto Branco, cair sobre ela no final da tarde da sexta-feira (19) em Campina Grande. O muro, aparentemente, foi destru\u00eddo pela for\u00e7a das \u00e1guas da chuva, que caiu na cidade e causou transtornos em diversos bairros.<\/p>\n<\/div>\n<div class=\"mc-column content-text active-extra-styles \" data-block-type=\"unstyled\" data-block-weight=\"25\" data-block-id=\"4\">\n<p class=\"content-text__container \" data-track-category=\"Link no Texto\" data-track-links=\"\">A mulher ainda foi arrastada por alguns metros, mas sofreu apenas escoria\u00e7\u00f5es, ela foi socorrida e levada para o hospital , mas j\u00e1 foi liberada.<\/p>\n<\/div>\n<div class=\"mc-column content-text active-extra-styles\" data-block-type=\"raw\" data-block-weight=\"7\" data-block-id=\"5\">\n<div class=\"content-intertitle\">\n<h2>Aumento do n\u00edvel de \u00e1gua em Boqueir\u00e3o<\/h2>\n<\/div>\n<\/div>\n<div class=\"mc-column content-text active-extra-styles \" data-block-type=\"unstyled\" data-block-weight=\"67\" data-block-id=\"6\">\n<p class=\"content-text__container \" data-track-category=\"Link no Texto\" data-track-links=\"\">Em decorr\u00eancia das chuvas que caem em Campina Grande e cidades do Cariri paraibano desde a \u00faltima sexta-feira (19), o a\u00e7ude de Boqueir\u00e3o, j\u00e1 recebeu cerca de 4 cm de \u00e1gua e est\u00e1 com 9,8% da sua capacidade total, segundo informa\u00e7\u00f5es da Ag\u00eancia Executiva de Gest\u00e3o das \u00c1guas (Aesa), ainda de acordo com o \u00f3rg\u00e3o a tend\u00eancia \u00e9 que o tempo permane\u00e7a nublado e com chuvas isoladas.<\/p>\n<\/div>\n<div class=\"mc-column content-text active-extra-styles\" data-block-type=\"raw\" data-block-weight=\"4\" data-block-id=\"7\">\n<div class=\"content-intertitle\">\n<h2><strong>Chuvas em\u00a0Jo\u00e3o Pessoa<\/strong><\/h2>\n<\/div>\n<\/div>\n<div data-track-category=\"fim do conteudo\" data-track-action=\"ultimo chunk conteudo\" data-track-noninteraction=\"false\" data-track-scroll=\"entrada completa viewport\">\n<div class=\"mc-column content-text active-extra-styles \" data-block-type=\"unstyled\" data-block-weight=\"47\" data-block-id=\"8\">\n<p class=\"content-text__container \" data-track-category=\"Link no Texto\" data-track-links=\"\">As chuvas em Jo\u00e3o Pessoa e no litoral do estado, tamb\u00e9m foram bastante intensas, mas de acordo com No\u00e9 Estrela, coordenador da Defesa Civil da capital, o \u00f3rg\u00e3o n\u00e3o recebeu nenhum chamado relevante. O alerta de chuva forte aqui no litoral permanece at\u00e9 a pr\u00f3xima segunda-feira (22).<\/p>\n<p><strong>CARIRI EM A\u00c7\u00c3O<\/strong><\/p>\n<p><em>Com G1 \/Foto: Reprodu\u00e7\u00e3o google<\/em><\/p>\n<p><strong>Leia mais not\u00edcias em\u00a0<\/strong><a href=\"http:\/\/www.caririemacao.com\/\"><strong>caririemacao.com<\/strong><\/a><strong>, siga nossa p\u00e1gina no\u00a0<\/strong><a href=\"https:\/\/www.facebook.com\/CaririEmAcao\/?ref=aymt_homepage_panel\"><strong>Facebook<\/strong><\/a>,<strong>\u00a0<\/strong><a href=\"https:\/\/www.instagram.com\/cariri_em_acao\/?hl=pt-br\"><strong>Instagram<\/strong><\/a><strong>\u00a0e\u00a0<\/strong><a href=\"https:\/\/www.youtube.com\/channel\/UCAptA0jQuYQy8vMhLt2m4qg\"><strong>Youtube<\/strong><\/a><strong>\u00a0e veja nossas mat\u00e9rias, v\u00eddeos e fotos. Voc\u00ea tamb\u00e9m pode enviar informa\u00e7\u00f5es \u00e0 Reda\u00e7\u00e3o do Portal Cariri em A\u00e7\u00e3o pelo WhatsApp (83) 9 9634.5791, (83) 9 9601-1162.<\/strong><\/p>\n<p data-track-category=\"Link no Texto\" data-track-links=\"\">\n<\/div>\n<\/div>\n","protected":false},"excerpt":{"rendered":"<p>Uma mulher ficou ferida ap\u00f3s o muro de uma lavanderia p\u00fablica na Rua Napole\u00e3o Laureano, bairro do Alto Branco, cair sobre ela no final da&hellip; <\/p>\n","protected":false},"author":2,"featured_media":38215,"comment_status":"closed","ping_status":"closed","sticky":false,"template":"","format":"standard","meta":{"sfsi_plus_gutenberg_text_before_share":"","sfsi_plus_gutenberg_show_text_before_share":"","sfsi_plus_gutenberg_icon_type":"","sfsi_plus_gutenberg_icon_alignemt":"","sfsi_plus_gutenburg_max_per_row":"","footnotes":""},"categories":[2],"tags":[],"class_list":["post-38213","post","type-post","status-publish","format-standard","has-post-thumbnail","hentry","category-geral"],"_links":{"self":[{"href":"https:\/\/www.caririemacao.com\/1\/wp-json\/wp\/v2\/posts\/38213","targetHints":{"allow":["GET"]}}],"collection":[{"href":"https:\/\/www.caririemacao.com\/1\/wp-json\/wp\/v2\/posts"}],"about":[{"href":"https:\/\/www.caririemacao.com\/1\/wp-json\/wp\/v2\/types\/post"}],"author":[{"embeddable":true,"href":"https:\/\/www.caririemacao.com\/1\/wp-json\/wp\/v2\/users\/2"}],"replies":[{"embeddable":true,"href":"https:\/\/www.caririemacao.com\/1\/wp-json\/wp\/v2\/comments?post=38213"}],"version-history":[{"count":0,"href":"https:\/\/www.caririemacao.com\/1\/wp-json\/wp\/v2\/posts\/38213\/revisions"}],"wp:featuredmedia":[{"embeddable":true,"href":"https:\/\/www.caririemacao.com\/1\/wp-json\/wp\/v2\/media\/38215"}],"wp:attachment":[{"href":"https:\/\/www.caririemacao.com\/1\/wp-json\/wp\/v2\/media?parent=38213"}],"wp:term":[{"taxonomy":"category","embeddable":true,"href":"https:\/\/www.caririemacao.com\/1\/wp-json\/wp\/v2\/categories?post=38213"},{"taxonomy":"post_tag","embeddable":true,"href":"https:\/\/www.caririemacao.com\/1\/wp-json\/wp\/v2\/tags?post=38213"}],"curies":[{"name":"wp","href":"https:\/\/api.w.org\/{rel}","templated":true}]}}